{"id":271,"date":"2019-07-17T20:51:08","date_gmt":"2019-07-18T00:51:08","guid":{"rendered":"https:\/\/lares.cl\/blog\/?p=271"},"modified":"2026-03-27T03:10:32","modified_gmt":"2026-03-27T06:10:32","slug":"gastos-extras-al-adquirir-una-propiedad","status":"publish","type":"post","link":"https:\/\/lares.cl\/blog\/gastos-extras-al-adquirir-una-propiedad\/","title":{"rendered":"Gastos extras al adquirir una propiedad"},"content":{"rendered":"<div id=\"bsf_rt_marker\"><\/div>\n<p class=\"wp-block-paragraph\">En Lares nos preocupamos\u00a0que inviertas en\u00a0tu mejor opci\u00f3n y adem\u00e1s\u00a0te\u00a0damos algunos datos que\u00a0nunca est\u00e1n de m\u00e1s.<\/p>\n\n\n\n<p class=\"wp-block-paragraph\">\u00bfSab\u00edas que&nbsp;hay&nbsp;<strong>gastos fijos,&nbsp;y otros opcionales<\/strong>,&nbsp;que surgen luego de adquirir una propiedad?<\/p>\n\n\n\n<ul class=\"wp-block-list\"><li><strong>Contribuciones:\u00a0<\/strong>son impuestos que se aplican seg\u00fan el aval\u00fao fiscal de una propiedad, los que se pagan cuatro veces al a\u00f1o. Por ejemplo: para un\u00a0departamento\u00a0de 5.000 UF son\u00a0aprox.\u00a0$300.000, dividido en cuatro cuotas.\u00a0<\/li><\/ul>\n\n\n\n<ul class=\"wp-block-list\"><li><strong>Mantenciones:\u00a0<\/strong>este \u00edtem es variable, ya que depende si necesitas reparar un termo de agua caliente ($200.000 aprox.), cambiar la grifer\u00eda en la cocina (desde $20.000) o alg\u00fan otro detalle.<\/li><\/ul>\n\n\n\n<ul class=\"wp-block-list\"><li><strong>Corredores:\u00a0<\/strong>muchas veces te simplifican la vida. Contar con su ayuda para publicar, mostrar los departamentos, filtrar\u00a0interesados, etc., no es un trabajo menor pero tampoco lo es su gasto;\u00a0cobran\u00a0entre un 7% y\u00a08%\u00a0del valor del arriendo mensual\u00a0por\u00a0administraci\u00f3n, y\u00a0el 50% de comisi\u00f3n en el primer arriendo.<\/li><\/ul>\n\n\n\n<ul class=\"wp-block-list\"><li><strong>Aseo municipal:\u00a0<\/strong>son 4 cuotas al a\u00f1o y dependen del tama\u00f1o del departamento. ($5.000 aprox.)\u00a0<\/li><\/ul>\n\n\n\n<p class=\"wp-block-paragraph\">Para conocer m\u00e1s #LaresTips no dejes de seguirnos en nuestras #RedesSociales. <\/p>\n","protected":false},"excerpt":{"rendered":"<p>En Lares nos preocupamos\u00a0que inviertas en\u00a0tu mejor opci\u00f3n y adem\u00e1s\u00a0te\u00a0damos algunos datos que\u00a0nunca est\u00e1n de m\u00e1s. \u00bfSab\u00edas que&nbsp;hay&nbsp;gastos fijos,&nbsp;y otros opcionales,&nbsp;que surgen luego de adquirir una propiedad? Contribuciones:\u00a0son impuestos que&#8230;<\/p>\n","protected":false},"author":10,"featured_media":272,"comment_status":"closed","ping_status":"open","sticky":false,"template":"","format":"standard","meta":{"footnotes":""},"categories":[22],"tags":[36],"class_list":["post-271","post","type-post","status-publish","format-standard","has-post-thumbnail","hentry","category-mercado-inmobiliario","tag-mercado-inmobiliario"],"yoast_head":"<!-- This site is optimized with the Yoast SEO plugin v25.6 - https:\/\/yoast.com\/wordpress\/plugins\/seo\/ -->\n<title>Gastos extras al adquirir una propiedad - Lares Blog<\/title>\n<meta name=\"robots\" content=\"index, follow, max-snippet:-1, max-image-preview:large, max-video-preview:-1\" \/>\n<link rel=\"canonical\" href=\"https:\/\/lares.cl\/blog\/gastos-extras-al-adquirir-una-propiedad\/\" \/>\n<meta property=\"og:locale\" content=\"es_ES\" \/>\n<meta property=\"og:type\" content=\"article\" \/>\n<meta property=\"og:title\" content=\"Gastos extras al adquirir una propiedad - Lares Blog\" \/>\n<meta property=\"og:description\" content=\"En Lares nos preocupamos\u00a0que inviertas en\u00a0tu mejor opci\u00f3n y adem\u00e1s\u00a0te\u00a0damos algunos datos que\u00a0nunca est\u00e1n de m\u00e1s. \u00bfSab\u00edas que&nbsp;hay&nbsp;gastos fijos,&nbsp;y otros opcionales,&nbsp;que surgen luego de adquirir una propiedad? Contribuciones:\u00a0son impuestos que...\" \/>\n<meta property=\"og:url\" content=\"https:\/\/lares.cl\/blog\/gastos-extras-al-adquirir-una-propiedad\/\" \/>\n<meta property=\"og:site_name\" content=\"Lares Blog\" \/>\n<meta property=\"article:publisher\" content=\"https:\/\/www.facebook.com\/lares.cl\" \/>\n<meta property=\"article:published_time\" content=\"2019-07-18T00:51:08+00:00\" \/>\n<meta property=\"article:modified_time\" content=\"2026-03-27T06:10:32+00:00\" \/>\n<meta property=\"og:image\" content=\"https:\/\/lares.cl\/blog\/wp-content\/uploads\/2019\/07\/gastos-extras.jpg\" \/>\n\t<meta property=\"og:image:width\" content=\"1080\" \/>\n\t<meta property=\"og:image:height\" content=\"1080\" \/>\n\t<meta property=\"og:image:type\" content=\"image\/jpeg\" \/>\n<meta name=\"author\" content=\"Crist\u00f3bal Asenjo\" \/>\n<meta name=\"twitter:card\" content=\"summary_large_image\" \/>\n<meta name=\"twitter:label1\" content=\"Escrito por\" \/>\n\t<meta name=\"twitter:data1\" content=\"Crist\u00f3bal Asenjo\" \/>\n\t<meta name=\"twitter:label2\" content=\"Tiempo estimado de lectura\" \/>\n\t<meta name=\"twitter:data2\" content=\"1 minute\" \/>\n<script type=\"application\/ld+json\" class=\"yoast-schema-graph\">{\"@context\":\"https:\/\/schema.org\",\"@graph\":[{\"@type\":\"Article\",\"@id\":\"https:\/\/lares.cl\/blog\/gastos-extras-al-adquirir-una-propiedad\/#article\",\"isPartOf\":{\"@id\":\"https:\/\/lares.cl\/blog\/gastos-extras-al-adquirir-una-propiedad\/\"},\"author\":{\"name\":\"Crist\u00f3bal Asenjo\",\"@id\":\"https:\/\/lares.cl\/blog\/#\/schema\/person\/f3e832c08eb9f02b1034e3d05323d61a\"},\"headline\":\"Gastos extras al adquirir una propiedad\",\"datePublished\":\"2019-07-18T00:51:08+00:00\",\"dateModified\":\"2026-03-27T06:10:32+00:00\",\"mainEntityOfPage\":{\"@id\":\"https:\/\/lares.cl\/blog\/gastos-extras-al-adquirir-una-propiedad\/\"},\"wordCount\":196,\"publisher\":{\"@id\":\"https:\/\/lares.cl\/blog\/#organization\"},\"image\":{\"@id\":\"https:\/\/lares.cl\/blog\/gastos-extras-al-adquirir-una-propiedad\/#primaryimage\"},\"thumbnailUrl\":\"https:\/\/lares.cl\/blog\/wp-content\/uploads\/2019\/07\/gastos-extras.jpg\",\"keywords\":[\"Mercado Inmobiliario\"],\"articleSection\":[\"Mercado Inmobiliario\"],\"inLanguage\":\"es-CL\"},{\"@type\":\"WebPage\",\"@id\":\"https:\/\/lares.cl\/blog\/gastos-extras-al-adquirir-una-propiedad\/\",\"url\":\"https:\/\/lares.cl\/blog\/gastos-extras-al-adquirir-una-propiedad\/\",\"name\":\"Gastos extras al adquirir una propiedad - Lares Blog\",\"isPartOf\":{\"@id\":\"https:\/\/lares.cl\/blog\/#website\"},\"primaryImageOfPage\":{\"@id\":\"https:\/\/lares.cl\/blog\/gastos-extras-al-adquirir-una-propiedad\/#primaryimage\"},\"image\":{\"@id\":\"https:\/\/lares.cl\/blog\/gastos-extras-al-adquirir-una-propiedad\/#primaryimage\"},\"thumbnailUrl\":\"https:\/\/lares.cl\/blog\/wp-content\/uploads\/2019\/07\/gastos-extras.jpg\",\"datePublished\":\"2019-07-18T00:51:08+00:00\",\"dateModified\":\"2026-03-27T06:10:32+00:00\",\"breadcrumb\":{\"@id\":\"https:\/\/lares.cl\/blog\/gastos-extras-al-adquirir-una-propiedad\/#breadcrumb\"},\"inLanguage\":\"es-CL\",\"potentialAction\":[{\"@type\":\"ReadAction\",\"target\":[\"https:\/\/lares.cl\/blog\/gastos-extras-al-adquirir-una-propiedad\/\"]}]},{\"@type\":\"ImageObject\",\"inLanguage\":\"es-CL\",\"@id\":\"https:\/\/lares.cl\/blog\/gastos-extras-al-adquirir-una-propiedad\/#primaryimage\",\"url\":\"https:\/\/lares.cl\/blog\/wp-content\/uploads\/2019\/07\/gastos-extras.jpg\",\"contentUrl\":\"https:\/\/lares.cl\/blog\/wp-content\/uploads\/2019\/07\/gastos-extras.jpg\",\"width\":1080,\"height\":1080},{\"@type\":\"BreadcrumbList\",\"@id\":\"https:\/\/lares.cl\/blog\/gastos-extras-al-adquirir-una-propiedad\/#breadcrumb\",\"itemListElement\":[{\"@type\":\"ListItem\",\"position\":1,\"name\":\"Portada\",\"item\":\"https:\/\/lares.cl\/blog\/\"},{\"@type\":\"ListItem\",\"position\":2,\"name\":\"Gastos extras al adquirir una propiedad\"}]},{\"@type\":\"WebSite\",\"@id\":\"https:\/\/lares.cl\/blog\/#website\",\"url\":\"https:\/\/lares.cl\/blog\/\",\"name\":\"lares.cl\",\"description\":\"Crowdfunding Inmobiliario\",\"publisher\":{\"@id\":\"https:\/\/lares.cl\/blog\/#organization\"},\"potentialAction\":[{\"@type\":\"SearchAction\",\"target\":{\"@type\":\"EntryPoint\",\"urlTemplate\":\"https:\/\/lares.cl\/blog\/?s={search_term_string}\"},\"query-input\":{\"@type\":\"PropertyValueSpecification\",\"valueRequired\":true,\"valueName\":\"search_term_string\"}}],\"inLanguage\":\"es-CL\"},{\"@type\":\"Organization\",\"@id\":\"https:\/\/lares.cl\/blog\/#organization\",\"name\":\"Lares\",\"url\":\"https:\/\/lares.cl\/blog\/\",\"logo\":{\"@type\":\"ImageObject\",\"inLanguage\":\"es-CL\",\"@id\":\"https:\/\/lares.cl\/blog\/#\/schema\/logo\/image\/\",\"url\":\"https:\/\/lares.cl\/blog\/wp-content\/uploads\/2024\/06\/Logo-Lares-blog-2024-1-1.png\",\"contentUrl\":\"https:\/\/lares.cl\/blog\/wp-content\/uploads\/2024\/06\/Logo-Lares-blog-2024-1-1.png\",\"width\":1122,\"height\":287,\"caption\":\"Lares\"},\"image\":{\"@id\":\"https:\/\/lares.cl\/blog\/#\/schema\/logo\/image\/\"},\"sameAs\":[\"https:\/\/www.facebook.com\/lares.cl\",\"https:\/\/www.instagram.com\/lareschile\",\"https:\/\/www.linkedin.com\/company\/lareschile\/\"]},{\"@type\":\"Person\",\"@id\":\"https:\/\/lares.cl\/blog\/#\/schema\/person\/f3e832c08eb9f02b1034e3d05323d61a\",\"name\":\"Crist\u00f3bal Asenjo\",\"image\":{\"@type\":\"ImageObject\",\"inLanguage\":\"es-CL\",\"@id\":\"https:\/\/lares.cl\/blog\/#\/schema\/person\/image\/\",\"url\":\"https:\/\/secure.gravatar.com\/avatar\/d03f451597ff44aead7095804c5ee6d8b414bd378ae75e3d00cc60ea686d2000?s=96&d=mm&r=g\",\"contentUrl\":\"https:\/\/secure.gravatar.com\/avatar\/d03f451597ff44aead7095804c5ee6d8b414bd378ae75e3d00cc60ea686d2000?s=96&d=mm&r=g\",\"caption\":\"Crist\u00f3bal Asenjo\"},\"sameAs\":[\"http:\/\/lares.cl\"]}]}<\/script>\n<!-- \/ Yoast SEO plugin. -->","yoast_head_json":{"title":"Gastos extras al adquirir una propiedad - Lares Blog","robots":{"index":"index","follow":"follow","max-snippet":"max-snippet:-1","max-image-preview":"max-image-preview:large","max-video-preview":"max-video-preview:-1"},"canonical":"https:\/\/lares.cl\/blog\/gastos-extras-al-adquirir-una-propiedad\/","og_locale":"es_ES","og_type":"article","og_title":"Gastos extras al adquirir una propiedad - Lares Blog","og_description":"En Lares nos preocupamos\u00a0que inviertas en\u00a0tu mejor opci\u00f3n y adem\u00e1s\u00a0te\u00a0damos algunos datos que\u00a0nunca est\u00e1n de m\u00e1s. \u00bfSab\u00edas que&nbsp;hay&nbsp;gastos fijos,&nbsp;y otros opcionales,&nbsp;que surgen luego de adquirir una propiedad? Contribuciones:\u00a0son impuestos que...","og_url":"https:\/\/lares.cl\/blog\/gastos-extras-al-adquirir-una-propiedad\/","og_site_name":"Lares Blog","article_publisher":"https:\/\/www.facebook.com\/lares.cl","article_published_time":"2019-07-18T00:51:08+00:00","article_modified_time":"2026-03-27T06:10:32+00:00","og_image":[{"width":1080,"height":1080,"url":"https:\/\/lares.cl\/blog\/wp-content\/uploads\/2019\/07\/gastos-extras.jpg","type":"image\/jpeg"}],"author":"Crist\u00f3bal Asenjo","twitter_card":"summary_large_image","twitter_misc":{"Escrito por":"Crist\u00f3bal Asenjo","Tiempo estimado de lectura":"1 minute"},"schema":{"@context":"https:\/\/schema.org","@graph":[{"@type":"Article","@id":"https:\/\/lares.cl\/blog\/gastos-extras-al-adquirir-una-propiedad\/#article","isPartOf":{"@id":"https:\/\/lares.cl\/blog\/gastos-extras-al-adquirir-una-propiedad\/"},"author":{"name":"Crist\u00f3bal Asenjo","@id":"https:\/\/lares.cl\/blog\/#\/schema\/person\/f3e832c08eb9f02b1034e3d05323d61a"},"headline":"Gastos extras al adquirir una propiedad","datePublished":"2019-07-18T00:51:08+00:00","dateModified":"2026-03-27T06:10:32+00:00","mainEntityOfPage":{"@id":"https:\/\/lares.cl\/blog\/gastos-extras-al-adquirir-una-propiedad\/"},"wordCount":196,"publisher":{"@id":"https:\/\/lares.cl\/blog\/#organization"},"image":{"@id":"https:\/\/lares.cl\/blog\/gastos-extras-al-adquirir-una-propiedad\/#primaryimage"},"thumbnailUrl":"https:\/\/lares.cl\/blog\/wp-content\/uploads\/2019\/07\/gastos-extras.jpg","keywords":["Mercado Inmobiliario"],"articleSection":["Mercado Inmobiliario"],"inLanguage":"es-CL"},{"@type":"WebPage","@id":"https:\/\/lares.cl\/blog\/gastos-extras-al-adquirir-una-propiedad\/","url":"https:\/\/lares.cl\/blog\/gastos-extras-al-adquirir-una-propiedad\/","name":"Gastos extras al adquirir una propiedad - Lares Blog","isPartOf":{"@id":"https:\/\/lares.cl\/blog\/#website"},"primaryImageOfPage":{"@id":"https:\/\/lares.cl\/blog\/gastos-extras-al-adquirir-una-propiedad\/#primaryimage"},"image":{"@id":"https:\/\/lares.cl\/blog\/gastos-extras-al-adquirir-una-propiedad\/#primaryimage"},"thumbnailUrl":"https:\/\/lares.cl\/blog\/wp-content\/uploads\/2019\/07\/gastos-extras.jpg","datePublished":"2019-07-18T00:51:08+00:00","dateModified":"2026-03-27T06:10:32+00:00","breadcrumb":{"@id":"https:\/\/lares.cl\/blog\/gastos-extras-al-adquirir-una-propiedad\/#breadcrumb"},"inLanguage":"es-CL","potentialAction":[{"@type":"ReadAction","target":["https:\/\/lares.cl\/blog\/gastos-extras-al-adquirir-una-propiedad\/"]}]},{"@type":"ImageObject","inLanguage":"es-CL","@id":"https:\/\/lares.cl\/blog\/gastos-extras-al-adquirir-una-propiedad\/#primaryimage","url":"https:\/\/lares.cl\/blog\/wp-content\/uploads\/2019\/07\/gastos-extras.jpg","contentUrl":"https:\/\/lares.cl\/blog\/wp-content\/uploads\/2019\/07\/gastos-extras.jpg","width":1080,"height":1080},{"@type":"BreadcrumbList","@id":"https:\/\/lares.cl\/blog\/gastos-extras-al-adquirir-una-propiedad\/#breadcrumb","itemListElement":[{"@type":"ListItem","position":1,"name":"Portada","item":"https:\/\/lares.cl\/blog\/"},{"@type":"ListItem","position":2,"name":"Gastos extras al adquirir una propiedad"}]},{"@type":"WebSite","@id":"https:\/\/lares.cl\/blog\/#website","url":"https:\/\/lares.cl\/blog\/","name":"lares.cl","description":"Crowdfunding Inmobiliario","publisher":{"@id":"https:\/\/lares.cl\/blog\/#organization"},"potentialAction":[{"@type":"SearchAction","target":{"@type":"EntryPoint","urlTemplate":"https:\/\/lares.cl\/blog\/?s={search_term_string}"},"query-input":{"@type":"PropertyValueSpecification","valueRequired":true,"valueName":"search_term_string"}}],"inLanguage":"es-CL"},{"@type":"Organization","@id":"https:\/\/lares.cl\/blog\/#organization","name":"Lares","url":"https:\/\/lares.cl\/blog\/","logo":{"@type":"ImageObject","inLanguage":"es-CL","@id":"https:\/\/lares.cl\/blog\/#\/schema\/logo\/image\/","url":"https:\/\/lares.cl\/blog\/wp-content\/uploads\/2024\/06\/Logo-Lares-blog-2024-1-1.png","contentUrl":"https:\/\/lares.cl\/blog\/wp-content\/uploads\/2024\/06\/Logo-Lares-blog-2024-1-1.png","width":1122,"height":287,"caption":"Lares"},"image":{"@id":"https:\/\/lares.cl\/blog\/#\/schema\/logo\/image\/"},"sameAs":["https:\/\/www.facebook.com\/lares.cl","https:\/\/www.instagram.com\/lareschile","https:\/\/www.linkedin.com\/company\/lareschile\/"]},{"@type":"Person","@id":"https:\/\/lares.cl\/blog\/#\/schema\/person\/f3e832c08eb9f02b1034e3d05323d61a","name":"Crist\u00f3bal Asenjo","image":{"@type":"ImageObject","inLanguage":"es-CL","@id":"https:\/\/lares.cl\/blog\/#\/schema\/person\/image\/","url":"https:\/\/secure.gravatar.com\/avatar\/d03f451597ff44aead7095804c5ee6d8b414bd378ae75e3d00cc60ea686d2000?s=96&d=mm&r=g","contentUrl":"https:\/\/secure.gravatar.com\/avatar\/d03f451597ff44aead7095804c5ee6d8b414bd378ae75e3d00cc60ea686d2000?s=96&d=mm&r=g","caption":"Crist\u00f3bal Asenjo"},"sameAs":["http:\/\/lares.cl"]}]}},"_links":{"self":[{"href":"https:\/\/lares.cl\/blog\/wp-json\/wp\/v2\/posts\/271","targetHints":{"allow":["GET"]}}],"collection":[{"href":"https:\/\/lares.cl\/blog\/wp-json\/wp\/v2\/posts"}],"about":[{"href":"https:\/\/lares.cl\/blog\/wp-json\/wp\/v2\/types\/post"}],"author":[{"embeddable":true,"href":"https:\/\/lares.cl\/blog\/wp-json\/wp\/v2\/users\/10"}],"replies":[{"embeddable":true,"href":"https:\/\/lares.cl\/blog\/wp-json\/wp\/v2\/comments?post=271"}],"version-history":[{"count":0,"href":"https:\/\/lares.cl\/blog\/wp-json\/wp\/v2\/posts\/271\/revisions"}],"wp:featuredmedia":[{"embeddable":true,"href":"https:\/\/lares.cl\/blog\/wp-json\/wp\/v2\/media\/272"}],"wp:attachment":[{"href":"https:\/\/lares.cl\/blog\/wp-json\/wp\/v2\/media?parent=271"}],"wp:term":[{"taxonomy":"category","embeddable":true,"href":"https:\/\/lares.cl\/blog\/wp-json\/wp\/v2\/categories?post=271"},{"taxonomy":"post_tag","embeddable":true,"href":"https:\/\/lares.cl\/blog\/wp-json\/wp\/v2\/tags?post=271"}],"curies":[{"name":"wp","href":"https:\/\/api.w.org\/{rel}","templated":true}]}}