{"id":275,"date":"2019-07-31T19:44:55","date_gmt":"2019-07-31T23:44:55","guid":{"rendered":"https:\/\/lares.cl\/blog\/?p=275"},"modified":"2026-03-27T03:10:10","modified_gmt":"2026-03-27T06:10:10","slug":"lares-es-parte-del-famoso-programa-televisivo-de-emprendimientos-jaula-de-negocios","status":"publish","type":"post","link":"https:\/\/lares.cl\/blog\/lares-es-parte-del-famoso-programa-televisivo-de-emprendimientos-jaula-de-negocios\/","title":{"rendered":"Lares es parte del famoso programa televisivo de emprendimientos &#8220;Jaula de Negocios&#8221;"},"content":{"rendered":"<div id=\"bsf_rt_marker\"><\/div>\n<p class=\"wp-block-paragraph\">El formato televisivo de inversiones reales presente en m\u00e1s de 5 pa\u00edses que selecciona los m\u00e1s innovadores emprendedores, comienza el s\u00e1bado 3 de agosto a las 22:00 horas por las pantallas del 13C.<\/p>\n\n\n\n<p class=\"wp-block-paragraph\">De la mano de 13C&nbsp;lleg\u00f3 a Chile el primer formato televisivo acelerador de emprendedores, que a trav\u00e9s de 3 etapas&nbsp;brinda la posibilidad a startup de conseguir inversi\u00f3n real para acrecentar proyectos que necesiten socios estrat\u00e9gicos.<\/p>\n\n\n\n<p class=\"wp-block-paragraph\">Se trata de \u201cJaula de Negocios\u201d, programa internacional&nbsp;donde postularon m\u00e1s de 250 proyectos&nbsp;que buscan capital y que tienen un grado de innovaci\u00f3n diferencial a la competencia.&nbsp;El desaf\u00edo&nbsp; ahora es convencer al jurado inversionista a trav\u00e9s de una s\u00f3lida estrategia de crecimiento.<\/p>\n\n\n\n<p class=\"wp-block-paragraph\">&#8220;Creo que el programa desembarca en un momento clave de solidificaci\u00f3n del ecosistema emprendedor del pa\u00eds. La b\u00fasqueda de internacionalizaci\u00f3n de startups ser\u00e1 un tema central.&nbsp;Hay participantes y jurados que van a sorprender capitulo a capitulo. Ser\u00e1 una temporada muy completa&#8221; enfatiz\u00f3 el fundador de Jaula de Negocios, el argentino Juan Emilio de Anton, CEO de Produvision International TV.<\/p>\n\n\n\n<p class=\"wp-block-paragraph\"><strong>Hace pocos d\u00edas se acaba de grabar la Etapa 1<\/strong>,&nbsp;la cual representa la defensa del proyecto por parte de los emprendedores ante un jurado l\u00edder del ecosistema emprendedor. Entre ellos se encuentran inversionistas nacionales experimentados como&nbsp;Max Grekiny&nbsp;Allan Jarry, Wilson Pais&nbsp;de Microsoft,&nbsp;Luis Bermejo&nbsp;del fondo Alaya Capitals, Mar\u00eda de los Angeles Romo&nbsp;de la Corfo, inversores internacionales, representantes de Chile Global Angels, entre otros.&nbsp;<\/p>\n\n\n\n<p class=\"wp-block-paragraph\">&#8220;<strong>El jurado ser\u00e1 exigente pero justo. Chile posee una calidad emprendedora maravillosa y es momento de lanzarnos al mundo para lograr impulsar un unicornio tecnol\u00f3gico que nos represente a nivel mundial<\/strong>&#8220;, anticip\u00f3 Wilson Pais, Director de Innovaciones de&nbsp;Microsoft Chile.&nbsp;&#8220;Los participantes que ingresen a la Jaula no podr\u00e1n defender su proyecto solo con ideas, se necesita ejecuci\u00f3n y lograr un equipo emprendedor s\u00f3lido. Estamos ansiosos por apostar en emprendedores de Chile&#8221;, coment\u00f3 Luis Bermejo, de&nbsp;Alaya Capitals.&nbsp;<\/p>\n\n\n\n<p class=\"wp-block-paragraph\"><strong>La primera temporada de Jaula de Negocios Chile comenzar\u00e1 a partir del\u00a0s\u00e1bado 3 de agosto a las\u00a022:00 horas\u00a0por\u00a0Canal 13C.<\/strong><\/p>\n\n\n\n<p class=\"wp-block-paragraph\"><a href=\"https:\/\/www.t13.cl\/noticia\/tendencias\/llega-chile-famoso-programa-televisivo-emprendimientos?fbclid=IwAR0IiHY4A7PrHENyajTD3lGlWKfHl8AoE0sSS5uQ6hHPOxyNx38xEZB5Ypk\">https:\/\/www.t13.cl\/noticia\/tendencias\/llega-chile-famoso-programa-televisivo-emprendimientos?fbclid=IwAR0IiHY4A7PrHENyajTD3lGlWKfHl8AoE0sSS5uQ6hHPOxyNx38xEZB5Ypk<\/a><\/p>\n","protected":false},"excerpt":{"rendered":"<p>El formato televisivo de inversiones reales presente en m\u00e1s de 5 pa\u00edses que selecciona los m\u00e1s innovadores emprendedores, comienza el s\u00e1bado 3 de agosto a las 22:00 horas por las&#8230;<\/p>\n","protected":false},"author":1,"featured_media":276,"comment_status":"closed","ping_status":"open","sticky":false,"template":"","format":"standard","meta":{"footnotes":""},"categories":[21,27],"tags":[47],"class_list":["post-275","post","type-post","status-publish","format-standard","has-post-thumbnail","hentry","category-lares","category-noticias","tag-noticias"],"yoast_head":"<!-- This site is optimized with the Yoast SEO plugin v25.6 - https:\/\/yoast.com\/wordpress\/plugins\/seo\/ -->\n<title>Lares es parte del famoso programa televisivo de emprendimientos &quot;Jaula de Negocios&quot; - Lares Blog<\/title>\n<meta name=\"robots\" content=\"index, follow, max-snippet:-1, max-image-preview:large, max-video-preview:-1\" \/>\n<link rel=\"canonical\" href=\"https:\/\/lares.cl\/blog\/lares-es-parte-del-famoso-programa-televisivo-de-emprendimientos-jaula-de-negocios\/\" \/>\n<meta property=\"og:locale\" content=\"es_ES\" \/>\n<meta property=\"og:type\" content=\"article\" \/>\n<meta property=\"og:title\" content=\"Lares es parte del famoso programa televisivo de emprendimientos &quot;Jaula de Negocios&quot; - Lares Blog\" \/>\n<meta property=\"og:description\" content=\"El formato televisivo de inversiones reales presente en m\u00e1s de 5 pa\u00edses que selecciona los m\u00e1s innovadores emprendedores, comienza el s\u00e1bado 3 de agosto a las 22:00 horas por las...\" \/>\n<meta property=\"og:url\" content=\"https:\/\/lares.cl\/blog\/lares-es-parte-del-famoso-programa-televisivo-de-emprendimientos-jaula-de-negocios\/\" \/>\n<meta property=\"og:site_name\" content=\"Lares Blog\" \/>\n<meta property=\"article:publisher\" content=\"https:\/\/www.facebook.com\/lares.cl\" \/>\n<meta property=\"article:published_time\" content=\"2019-07-31T23:44:55+00:00\" \/>\n<meta property=\"article:modified_time\" content=\"2026-03-27T06:10:10+00:00\" \/>\n<meta property=\"og:image\" content=\"https:\/\/lares.cl\/blog\/wp-content\/uploads\/2019\/07\/jaula-3.jpeg\" \/>\n\t<meta property=\"og:image:width\" content=\"1152\" \/>\n\t<meta property=\"og:image:height\" content=\"864\" \/>\n\t<meta property=\"og:image:type\" content=\"image\/jpeg\" \/>\n<meta name=\"author\" content=\"Equipo Lares\" \/>\n<meta name=\"twitter:card\" content=\"summary_large_image\" \/>\n<meta name=\"twitter:label1\" content=\"Escrito por\" \/>\n\t<meta name=\"twitter:data1\" content=\"Equipo Lares\" \/>\n\t<meta name=\"twitter:label2\" content=\"Tiempo estimado de lectura\" \/>\n\t<meta name=\"twitter:data2\" content=\"2 minutes\" \/>\n<script type=\"application\/ld+json\" class=\"yoast-schema-graph\">{\"@context\":\"https:\/\/schema.org\",\"@graph\":[{\"@type\":\"Article\",\"@id\":\"https:\/\/lares.cl\/blog\/lares-es-parte-del-famoso-programa-televisivo-de-emprendimientos-jaula-de-negocios\/#article\",\"isPartOf\":{\"@id\":\"https:\/\/lares.cl\/blog\/lares-es-parte-del-famoso-programa-televisivo-de-emprendimientos-jaula-de-negocios\/\"},\"author\":{\"name\":\"Equipo Lares\",\"@id\":\"https:\/\/lares.cl\/blog\/#\/schema\/person\/ff9748608af34042d4d12314f519c414\"},\"headline\":\"Lares es parte del famoso programa televisivo de emprendimientos &#8220;Jaula de Negocios&#8221;\",\"datePublished\":\"2019-07-31T23:44:55+00:00\",\"dateModified\":\"2026-03-27T06:10:10+00:00\",\"mainEntityOfPage\":{\"@id\":\"https:\/\/lares.cl\/blog\/lares-es-parte-del-famoso-programa-televisivo-de-emprendimientos-jaula-de-negocios\/\"},\"wordCount\":409,\"publisher\":{\"@id\":\"https:\/\/lares.cl\/blog\/#organization\"},\"image\":{\"@id\":\"https:\/\/lares.cl\/blog\/lares-es-parte-del-famoso-programa-televisivo-de-emprendimientos-jaula-de-negocios\/#primaryimage\"},\"thumbnailUrl\":\"https:\/\/lares.cl\/blog\/wp-content\/uploads\/2019\/07\/jaula-3.jpeg\",\"keywords\":[\"Noticias\"],\"articleSection\":[\"Lares\",\"noticias\"],\"inLanguage\":\"es-CL\"},{\"@type\":\"WebPage\",\"@id\":\"https:\/\/lares.cl\/blog\/lares-es-parte-del-famoso-programa-televisivo-de-emprendimientos-jaula-de-negocios\/\",\"url\":\"https:\/\/lares.cl\/blog\/lares-es-parte-del-famoso-programa-televisivo-de-emprendimientos-jaula-de-negocios\/\",\"name\":\"Lares es parte del famoso programa televisivo de emprendimientos \\\"Jaula de Negocios\\\" - Lares Blog\",\"isPartOf\":{\"@id\":\"https:\/\/lares.cl\/blog\/#website\"},\"primaryImageOfPage\":{\"@id\":\"https:\/\/lares.cl\/blog\/lares-es-parte-del-famoso-programa-televisivo-de-emprendimientos-jaula-de-negocios\/#primaryimage\"},\"image\":{\"@id\":\"https:\/\/lares.cl\/blog\/lares-es-parte-del-famoso-programa-televisivo-de-emprendimientos-jaula-de-negocios\/#primaryimage\"},\"thumbnailUrl\":\"https:\/\/lares.cl\/blog\/wp-content\/uploads\/2019\/07\/jaula-3.jpeg\",\"datePublished\":\"2019-07-31T23:44:55+00:00\",\"dateModified\":\"2026-03-27T06:10:10+00:00\",\"breadcrumb\":{\"@id\":\"https:\/\/lares.cl\/blog\/lares-es-parte-del-famoso-programa-televisivo-de-emprendimientos-jaula-de-negocios\/#breadcrumb\"},\"inLanguage\":\"es-CL\",\"potentialAction\":[{\"@type\":\"ReadAction\",\"target\":[\"https:\/\/lares.cl\/blog\/lares-es-parte-del-famoso-programa-televisivo-de-emprendimientos-jaula-de-negocios\/\"]}]},{\"@type\":\"ImageObject\",\"inLanguage\":\"es-CL\",\"@id\":\"https:\/\/lares.cl\/blog\/lares-es-parte-del-famoso-programa-televisivo-de-emprendimientos-jaula-de-negocios\/#primaryimage\",\"url\":\"https:\/\/lares.cl\/blog\/wp-content\/uploads\/2019\/07\/jaula-3.jpeg\",\"contentUrl\":\"https:\/\/lares.cl\/blog\/wp-content\/uploads\/2019\/07\/jaula-3.jpeg\",\"width\":1152,\"height\":864,\"caption\":\"Jaula de Negocios\"},{\"@type\":\"BreadcrumbList\",\"@id\":\"https:\/\/lares.cl\/blog\/lares-es-parte-del-famoso-programa-televisivo-de-emprendimientos-jaula-de-negocios\/#breadcrumb\",\"itemListElement\":[{\"@type\":\"ListItem\",\"position\":1,\"name\":\"Portada\",\"item\":\"https:\/\/lares.cl\/blog\/\"},{\"@type\":\"ListItem\",\"position\":2,\"name\":\"Lares es parte del famoso programa televisivo de emprendimientos &#8220;Jaula de Negocios&#8221;\"}]},{\"@type\":\"WebSite\",\"@id\":\"https:\/\/lares.cl\/blog\/#website\",\"url\":\"https:\/\/lares.cl\/blog\/\",\"name\":\"lares.cl\",\"description\":\"Crowdfunding Inmobiliario\",\"publisher\":{\"@id\":\"https:\/\/lares.cl\/blog\/#organization\"},\"potentialAction\":[{\"@type\":\"SearchAction\",\"target\":{\"@type\":\"EntryPoint\",\"urlTemplate\":\"https:\/\/lares.cl\/blog\/?s={search_term_string}\"},\"query-input\":{\"@type\":\"PropertyValueSpecification\",\"valueRequired\":true,\"valueName\":\"search_term_string\"}}],\"inLanguage\":\"es-CL\"},{\"@type\":\"Organization\",\"@id\":\"https:\/\/lares.cl\/blog\/#organization\",\"name\":\"Lares\",\"url\":\"https:\/\/lares.cl\/blog\/\",\"logo\":{\"@type\":\"ImageObject\",\"inLanguage\":\"es-CL\",\"@id\":\"https:\/\/lares.cl\/blog\/#\/schema\/logo\/image\/\",\"url\":\"https:\/\/lares.cl\/blog\/wp-content\/uploads\/2024\/06\/Logo-Lares-blog-2024-1-1.png\",\"contentUrl\":\"https:\/\/lares.cl\/blog\/wp-content\/uploads\/2024\/06\/Logo-Lares-blog-2024-1-1.png\",\"width\":1122,\"height\":287,\"caption\":\"Lares\"},\"image\":{\"@id\":\"https:\/\/lares.cl\/blog\/#\/schema\/logo\/image\/\"},\"sameAs\":[\"https:\/\/www.facebook.com\/lares.cl\",\"https:\/\/www.instagram.com\/lareschile\",\"https:\/\/www.linkedin.com\/company\/lareschile\/\"]},{\"@type\":\"Person\",\"@id\":\"https:\/\/lares.cl\/blog\/#\/schema\/person\/ff9748608af34042d4d12314f519c414\",\"name\":\"Equipo Lares\",\"image\":{\"@type\":\"ImageObject\",\"inLanguage\":\"es-CL\",\"@id\":\"https:\/\/lares.cl\/blog\/#\/schema\/person\/image\/\",\"url\":\"https:\/\/secure.gravatar.com\/avatar\/0ee6daced581c54a15fee13801bc9ec87cdb20251ed489c02b473997d0a9eac3?s=96&d=mm&r=g\",\"contentUrl\":\"https:\/\/secure.gravatar.com\/avatar\/0ee6daced581c54a15fee13801bc9ec87cdb20251ed489c02b473997d0a9eac3?s=96&d=mm&r=g\",\"caption\":\"Equipo Lares\"},\"sameAs\":[\"http:\/\/lares.cl\"]}]}<\/script>\n<!-- \/ Yoast SEO plugin. -->","yoast_head_json":{"title":"Lares es parte del famoso programa televisivo de emprendimientos \"Jaula de Negocios\" - Lares Blog","robots":{"index":"index","follow":"follow","max-snippet":"max-snippet:-1","max-image-preview":"max-image-preview:large","max-video-preview":"max-video-preview:-1"},"canonical":"https:\/\/lares.cl\/blog\/lares-es-parte-del-famoso-programa-televisivo-de-emprendimientos-jaula-de-negocios\/","og_locale":"es_ES","og_type":"article","og_title":"Lares es parte del famoso programa televisivo de emprendimientos \"Jaula de Negocios\" - Lares Blog","og_description":"El formato televisivo de inversiones reales presente en m\u00e1s de 5 pa\u00edses que selecciona los m\u00e1s innovadores emprendedores, comienza el s\u00e1bado 3 de agosto a las 22:00 horas por las...","og_url":"https:\/\/lares.cl\/blog\/lares-es-parte-del-famoso-programa-televisivo-de-emprendimientos-jaula-de-negocios\/","og_site_name":"Lares Blog","article_publisher":"https:\/\/www.facebook.com\/lares.cl","article_published_time":"2019-07-31T23:44:55+00:00","article_modified_time":"2026-03-27T06:10:10+00:00","og_image":[{"width":1152,"height":864,"url":"https:\/\/lares.cl\/blog\/wp-content\/uploads\/2019\/07\/jaula-3.jpeg","type":"image\/jpeg"}],"author":"Equipo Lares","twitter_card":"summary_large_image","twitter_misc":{"Escrito por":"Equipo Lares","Tiempo estimado de lectura":"2 minutes"},"schema":{"@context":"https:\/\/schema.org","@graph":[{"@type":"Article","@id":"https:\/\/lares.cl\/blog\/lares-es-parte-del-famoso-programa-televisivo-de-emprendimientos-jaula-de-negocios\/#article","isPartOf":{"@id":"https:\/\/lares.cl\/blog\/lares-es-parte-del-famoso-programa-televisivo-de-emprendimientos-jaula-de-negocios\/"},"author":{"name":"Equipo Lares","@id":"https:\/\/lares.cl\/blog\/#\/schema\/person\/ff9748608af34042d4d12314f519c414"},"headline":"Lares es parte del famoso programa televisivo de emprendimientos &#8220;Jaula de Negocios&#8221;","datePublished":"2019-07-31T23:44:55+00:00","dateModified":"2026-03-27T06:10:10+00:00","mainEntityOfPage":{"@id":"https:\/\/lares.cl\/blog\/lares-es-parte-del-famoso-programa-televisivo-de-emprendimientos-jaula-de-negocios\/"},"wordCount":409,"publisher":{"@id":"https:\/\/lares.cl\/blog\/#organization"},"image":{"@id":"https:\/\/lares.cl\/blog\/lares-es-parte-del-famoso-programa-televisivo-de-emprendimientos-jaula-de-negocios\/#primaryimage"},"thumbnailUrl":"https:\/\/lares.cl\/blog\/wp-content\/uploads\/2019\/07\/jaula-3.jpeg","keywords":["Noticias"],"articleSection":["Lares","noticias"],"inLanguage":"es-CL"},{"@type":"WebPage","@id":"https:\/\/lares.cl\/blog\/lares-es-parte-del-famoso-programa-televisivo-de-emprendimientos-jaula-de-negocios\/","url":"https:\/\/lares.cl\/blog\/lares-es-parte-del-famoso-programa-televisivo-de-emprendimientos-jaula-de-negocios\/","name":"Lares es parte del famoso programa televisivo de emprendimientos \"Jaula de Negocios\" - Lares Blog","isPartOf":{"@id":"https:\/\/lares.cl\/blog\/#website"},"primaryImageOfPage":{"@id":"https:\/\/lares.cl\/blog\/lares-es-parte-del-famoso-programa-televisivo-de-emprendimientos-jaula-de-negocios\/#primaryimage"},"image":{"@id":"https:\/\/lares.cl\/blog\/lares-es-parte-del-famoso-programa-televisivo-de-emprendimientos-jaula-de-negocios\/#primaryimage"},"thumbnailUrl":"https:\/\/lares.cl\/blog\/wp-content\/uploads\/2019\/07\/jaula-3.jpeg","datePublished":"2019-07-31T23:44:55+00:00","dateModified":"2026-03-27T06:10:10+00:00","breadcrumb":{"@id":"https:\/\/lares.cl\/blog\/lares-es-parte-del-famoso-programa-televisivo-de-emprendimientos-jaula-de-negocios\/#breadcrumb"},"inLanguage":"es-CL","potentialAction":[{"@type":"ReadAction","target":["https:\/\/lares.cl\/blog\/lares-es-parte-del-famoso-programa-televisivo-de-emprendimientos-jaula-de-negocios\/"]}]},{"@type":"ImageObject","inLanguage":"es-CL","@id":"https:\/\/lares.cl\/blog\/lares-es-parte-del-famoso-programa-televisivo-de-emprendimientos-jaula-de-negocios\/#primaryimage","url":"https:\/\/lares.cl\/blog\/wp-content\/uploads\/2019\/07\/jaula-3.jpeg","contentUrl":"https:\/\/lares.cl\/blog\/wp-content\/uploads\/2019\/07\/jaula-3.jpeg","width":1152,"height":864,"caption":"Jaula de Negocios"},{"@type":"BreadcrumbList","@id":"https:\/\/lares.cl\/blog\/lares-es-parte-del-famoso-programa-televisivo-de-emprendimientos-jaula-de-negocios\/#breadcrumb","itemListElement":[{"@type":"ListItem","position":1,"name":"Portada","item":"https:\/\/lares.cl\/blog\/"},{"@type":"ListItem","position":2,"name":"Lares es parte del famoso programa televisivo de emprendimientos &#8220;Jaula de Negocios&#8221;"}]},{"@type":"WebSite","@id":"https:\/\/lares.cl\/blog\/#website","url":"https:\/\/lares.cl\/blog\/","name":"lares.cl","description":"Crowdfunding Inmobiliario","publisher":{"@id":"https:\/\/lares.cl\/blog\/#organization"},"potentialAction":[{"@type":"SearchAction","target":{"@type":"EntryPoint","urlTemplate":"https:\/\/lares.cl\/blog\/?s={search_term_string}"},"query-input":{"@type":"PropertyValueSpecification","valueRequired":true,"valueName":"search_term_string"}}],"inLanguage":"es-CL"},{"@type":"Organization","@id":"https:\/\/lares.cl\/blog\/#organization","name":"Lares","url":"https:\/\/lares.cl\/blog\/","logo":{"@type":"ImageObject","inLanguage":"es-CL","@id":"https:\/\/lares.cl\/blog\/#\/schema\/logo\/image\/","url":"https:\/\/lares.cl\/blog\/wp-content\/uploads\/2024\/06\/Logo-Lares-blog-2024-1-1.png","contentUrl":"https:\/\/lares.cl\/blog\/wp-content\/uploads\/2024\/06\/Logo-Lares-blog-2024-1-1.png","width":1122,"height":287,"caption":"Lares"},"image":{"@id":"https:\/\/lares.cl\/blog\/#\/schema\/logo\/image\/"},"sameAs":["https:\/\/www.facebook.com\/lares.cl","https:\/\/www.instagram.com\/lareschile","https:\/\/www.linkedin.com\/company\/lareschile\/"]},{"@type":"Person","@id":"https:\/\/lares.cl\/blog\/#\/schema\/person\/ff9748608af34042d4d12314f519c414","name":"Equipo Lares","image":{"@type":"ImageObject","inLanguage":"es-CL","@id":"https:\/\/lares.cl\/blog\/#\/schema\/person\/image\/","url":"https:\/\/secure.gravatar.com\/avatar\/0ee6daced581c54a15fee13801bc9ec87cdb20251ed489c02b473997d0a9eac3?s=96&d=mm&r=g","contentUrl":"https:\/\/secure.gravatar.com\/avatar\/0ee6daced581c54a15fee13801bc9ec87cdb20251ed489c02b473997d0a9eac3?s=96&d=mm&r=g","caption":"Equipo Lares"},"sameAs":["http:\/\/lares.cl"]}]}},"_links":{"self":[{"href":"https:\/\/lares.cl\/blog\/wp-json\/wp\/v2\/posts\/275","targetHints":{"allow":["GET"]}}],"collection":[{"href":"https:\/\/lares.cl\/blog\/wp-json\/wp\/v2\/posts"}],"about":[{"href":"https:\/\/lares.cl\/blog\/wp-json\/wp\/v2\/types\/post"}],"author":[{"embeddable":true,"href":"https:\/\/lares.cl\/blog\/wp-json\/wp\/v2\/users\/1"}],"replies":[{"embeddable":true,"href":"https:\/\/lares.cl\/blog\/wp-json\/wp\/v2\/comments?post=275"}],"version-history":[{"count":0,"href":"https:\/\/lares.cl\/blog\/wp-json\/wp\/v2\/posts\/275\/revisions"}],"wp:featuredmedia":[{"embeddable":true,"href":"https:\/\/lares.cl\/blog\/wp-json\/wp\/v2\/media\/276"}],"wp:attachment":[{"href":"https:\/\/lares.cl\/blog\/wp-json\/wp\/v2\/media?parent=275"}],"wp:term":[{"taxonomy":"category","embeddable":true,"href":"https:\/\/lares.cl\/blog\/wp-json\/wp\/v2\/categories?post=275"},{"taxonomy":"post_tag","embeddable":true,"href":"https:\/\/lares.cl\/blog\/wp-json\/wp\/v2\/tags?post=275"}],"curies":[{"name":"wp","href":"https:\/\/api.w.org\/{rel}","templated":true}]}}