{"id":481,"date":"2024-08-12T18:28:47","date_gmt":"2024-08-12T22:28:47","guid":{"rendered":"https:\/\/lares.cl\/blog\/?p=481"},"modified":"2025-12-17T14:14:31","modified_gmt":"2025-12-17T17:14:31","slug":"de-wework-a-work-cafe-adaptabilidad-en-el-mundo-inmobiliario","status":"publish","type":"post","link":"https:\/\/lares.cl\/blog\/de-wework-a-work-cafe-adaptabilidad-en-el-mundo-inmobiliario\/","title":{"rendered":"Dejando el WeWork por un WorkCaf\u00e9."},"content":{"rendered":"<div id=\"bsf_rt_marker\"><\/div>\n<p class=\"wp-block-paragraph\">Hace unas semanas, mientras <strong>busc\u00e1bamos inspiraci\u00f3n para remodelar nuestras oficinas en Lares<\/strong>, recordamos las modernas y bien dise\u00f1adas oficinas de WeWork. Decidimos visitar una de ellas, pero nos llevamos una sorpresa: solo queda una oficina de WeWork en funcionamiento en Santiago.<\/p>\n\n\n\n<figure class=\"wp-block-image size-large\"><img loading=\"lazy\" decoding=\"async\" width=\"1024\" height=\"610\" src=\"https:\/\/lares.cl\/blog\/wp-content\/uploads\/2024\/08\/Imagen-de-WhatsApp-2024-08-05-a-las-16.26.31_6f34d7ba-1024x610.jpg\" alt=\"\" class=\"wp-image-482\" style=\"aspect-ratio:16\/9;object-fit:cover\" srcset=\"https:\/\/lares.cl\/blog\/wp-content\/uploads\/2024\/08\/Imagen-de-WhatsApp-2024-08-05-a-las-16.26.31_6f34d7ba-1024x610.jpg 1024w, https:\/\/lares.cl\/blog\/wp-content\/uploads\/2024\/08\/Imagen-de-WhatsApp-2024-08-05-a-las-16.26.31_6f34d7ba-300x179.jpg 300w, https:\/\/lares.cl\/blog\/wp-content\/uploads\/2024\/08\/Imagen-de-WhatsApp-2024-08-05-a-las-16.26.31_6f34d7ba-768x458.jpg 768w, https:\/\/lares.cl\/blog\/wp-content\/uploads\/2024\/08\/Imagen-de-WhatsApp-2024-08-05-a-las-16.26.31_6f34d7ba.jpg 1280w\" sizes=\"auto, (max-width: 1024px) 100vw, 1024px\" \/><figcaption class=\"wp-element-caption\"><em>&#8220;\u00c9l&#8221; WeWork que queda funcionando en Santiago.<\/em><\/figcaption><\/figure>\n\n\n\n<h4 class=\"wp-block-heading\">El Auge y la Ca\u00edda de WeWork<\/h4>\n\n\n\n<p class=\"wp-block-paragraph\">WeWork, una vez valorada en US$47 mil millones, enfrent\u00f3 una serie de desaf\u00edos que llevaron a su declive. La compa\u00f1\u00eda <strong>creci\u00f3 r\u00e1pidamente sin una base financiera s\u00f3lida y depend\u00eda de arriendos a corto plazo<\/strong> <strong>y sobretodo, levantamientos de capital<\/strong>, lo que no proporcionaba estabilidad financiera. La pandemia exacerb\u00f3 estos problemas, reduciendo la demanda de oficinas f\u00edsicas y afectando severamente su modelo de negocio.<\/p>\n\n\n\n<h4 class=\"wp-block-heading\">La Estrategia de Work Caf\u00e9 de Santander<\/h4>\n\n\n\n<p class=\"wp-block-paragraph\">En contraste, el modelo de Work Caf\u00e9 de Santander ha demostrado ser m\u00e1s resiliente y adaptable. Santander ha transformado sucursales cerradas en <strong>espacios multifuncionales que combinan bancos, cafeter\u00edas y coworking<\/strong>. Este enfoque diversificado ofrece un espacio para trabajar, reunirse y realizar transacciones bancarias en un solo lugar, creando una comunidad recurrente y atrayendo a una amplia gama de usuarios.<\/p>\n\n\n\n<figure class=\"wp-block-image size-large\"><img loading=\"lazy\" decoding=\"async\" width=\"1024\" height=\"683\" src=\"https:\/\/lares.cl\/blog\/wp-content\/uploads\/2024\/08\/im-storie-WorkCafe-291020-1-1024x683.jpg\" alt=\"\" class=\"wp-image-483\" style=\"aspect-ratio:16\/9;object-fit:cover\" srcset=\"https:\/\/lares.cl\/blog\/wp-content\/uploads\/2024\/08\/im-storie-WorkCafe-291020-1-1024x683.jpg 1024w, https:\/\/lares.cl\/blog\/wp-content\/uploads\/2024\/08\/im-storie-WorkCafe-291020-1-300x200.jpg 300w, https:\/\/lares.cl\/blog\/wp-content\/uploads\/2024\/08\/im-storie-WorkCafe-291020-1-768x512.jpg 768w, https:\/\/lares.cl\/blog\/wp-content\/uploads\/2024\/08\/im-storie-WorkCafe-291020-1.jpg 1280w\" sizes=\"auto, (max-width: 1024px) 100vw, 1024px\" \/><figcaption class=\"wp-element-caption\"><em>Work caf\u00e9 Santander.<\/em><\/figcaption><\/figure>\n\n\n\n<h4 class=\"wp-block-heading\">Lecciones de Adaptabilidad y Resiliencia<\/h4>\n\n\n\n<p class=\"wp-block-paragraph\">La historia de WeWork nos recuerda la importancia de un crecimiento sostenible y la capacidad de adaptarse a las condiciones cambiantes del mercado. Mientras WeWork sufri\u00f3 por su r\u00e1pida expansi\u00f3n y dependencia de un solo modelo de negocio, Work Caf\u00e9 muestra c\u00f3mo la <strong>adaptabilidad y la innovaci\u00f3n pueden conducir a un modelo m\u00e1s resiliente<\/strong>.<\/p>\n\n\n\n<p class=\"wp-block-paragraph\">En el mundo inmobiliario, esta lecci\u00f3n es invaluable. La capacidad de diversificar y adaptarse es crucial para enfrentar los desaf\u00edos y cambios del mercado. As\u00ed como Work Caf\u00e9 ha encontrado \u00e9xito al combinar servicios y crear un entorno multifuncional, las inversiones inmobiliarias <strong>deben ser flexibles y estar preparadas para ajustar sus estrategias seg\u00fan sea necesario<\/strong>.<\/p>\n\n\n\n<p class=\"wp-block-paragraph\">Y a pesar de todo, s\u00ed logramos obtener algunas ideas geniales para nuestra oficina. As\u00ed que al menos el viaje no fue en vano. <strong>\u00a1Siempre hay algo que aprender y mejorar!<\/strong><\/p>\n","protected":false},"excerpt":{"rendered":"<p>Hace unas semanas, mientras busc\u00e1bamos inspiraci\u00f3n para remodelar nuestras oficinas en Lares, recordamos las modernas y bien dise\u00f1adas oficinas de WeWork. Decidimos visitar una de ellas, pero nos llevamos una&#8230;<\/p>\n","protected":false},"author":7,"featured_media":572,"comment_status":"closed","ping_status":"open","sticky":false,"template":"","format":"standard","meta":{"footnotes":""},"categories":[18],"tags":[25,5],"class_list":["post-481","post","type-post","status-publish","format-standard","has-post-thumbnail","hentry","category-mercado","tag-inmobiliario","tag-inversion"],"yoast_head":"<!-- This site is optimized with the Yoast SEO plugin v25.6 - https:\/\/yoast.com\/wordpress\/plugins\/seo\/ -->\n<title>Dejando el WeWork por un WorkCaf\u00e9. - Lares Blog<\/title>\n<meta name=\"description\" content=\"Reflexionamos sobre las lecciones de adaptabilidad en el mundo inmobiliario comparando WeWork y Work Caf\u00e9 de Santander. Un vistazo personal a la resiliencia y la innovaci\u00f3n en espacios de trabajo\" \/>\n<meta name=\"robots\" content=\"index, follow, max-snippet:-1, max-image-preview:large, max-video-preview:-1\" \/>\n<link rel=\"canonical\" href=\"https:\/\/lares.cl\/blog\/de-wework-a-work-cafe-adaptabilidad-en-el-mundo-inmobiliario\/\" \/>\n<meta property=\"og:locale\" content=\"es_ES\" \/>\n<meta property=\"og:type\" content=\"article\" \/>\n<meta property=\"og:title\" content=\"Dejando el WeWork por un WorkCaf\u00e9. - Lares Blog\" \/>\n<meta property=\"og:description\" content=\"Reflexionamos sobre las lecciones de adaptabilidad en el mundo inmobiliario comparando WeWork y Work Caf\u00e9 de Santander. Un vistazo personal a la resiliencia y la innovaci\u00f3n en espacios de trabajo\" \/>\n<meta property=\"og:url\" content=\"https:\/\/lares.cl\/blog\/de-wework-a-work-cafe-adaptabilidad-en-el-mundo-inmobiliario\/\" \/>\n<meta property=\"og:site_name\" content=\"Lares Blog\" \/>\n<meta property=\"article:publisher\" content=\"https:\/\/www.facebook.com\/lares.cl\" \/>\n<meta property=\"article:published_time\" content=\"2024-08-12T22:28:47+00:00\" \/>\n<meta property=\"article:modified_time\" content=\"2025-12-17T17:14:31+00:00\" \/>\n<meta property=\"og:image\" content=\"https:\/\/lares.cl\/blog\/wp-content\/uploads\/2024\/08\/DALL\u00b7E-2024-12-24-13.32.16-Una-imagen-que-muestre-un-espacio-de-oficina-estilo-WeWork-con-senales-de-abandono.-La-escena-debe-incluir-escritorios-largos-sillas-minimalistas-y-a.webp\" \/>\n\t<meta property=\"og:image:width\" content=\"1024\" \/>\n\t<meta property=\"og:image:height\" content=\"1024\" \/>\n\t<meta property=\"og:image:type\" content=\"image\/webp\" \/>\n<meta name=\"author\" content=\"Renato Leyton\" \/>\n<meta name=\"twitter:card\" content=\"summary_large_image\" \/>\n<meta name=\"twitter:label1\" content=\"Escrito por\" \/>\n\t<meta name=\"twitter:data1\" content=\"Renato Leyton\" \/>\n\t<meta name=\"twitter:label2\" content=\"Tiempo estimado de lectura\" \/>\n\t<meta name=\"twitter:data2\" content=\"3 minutes\" \/>\n<script type=\"application\/ld+json\" class=\"yoast-schema-graph\">{\"@context\":\"https:\/\/schema.org\",\"@graph\":[{\"@type\":\"Article\",\"@id\":\"https:\/\/lares.cl\/blog\/de-wework-a-work-cafe-adaptabilidad-en-el-mundo-inmobiliario\/#article\",\"isPartOf\":{\"@id\":\"https:\/\/lares.cl\/blog\/de-wework-a-work-cafe-adaptabilidad-en-el-mundo-inmobiliario\/\"},\"author\":{\"name\":\"Renato Leyton\",\"@id\":\"https:\/\/lares.cl\/blog\/#\/schema\/person\/8096976c56420e8432035e6ed0931e89\"},\"headline\":\"Dejando el WeWork por un WorkCaf\u00e9.\",\"datePublished\":\"2024-08-12T22:28:47+00:00\",\"dateModified\":\"2025-12-17T17:14:31+00:00\",\"mainEntityOfPage\":{\"@id\":\"https:\/\/lares.cl\/blog\/de-wework-a-work-cafe-adaptabilidad-en-el-mundo-inmobiliario\/\"},\"wordCount\":358,\"publisher\":{\"@id\":\"https:\/\/lares.cl\/blog\/#organization\"},\"image\":{\"@id\":\"https:\/\/lares.cl\/blog\/de-wework-a-work-cafe-adaptabilidad-en-el-mundo-inmobiliario\/#primaryimage\"},\"thumbnailUrl\":\"https:\/\/lares.cl\/blog\/wp-content\/uploads\/2024\/08\/DALL\u00b7E-2024-12-24-13.32.16-Una-imagen-que-muestre-un-espacio-de-oficina-estilo-WeWork-con-senales-de-abandono.-La-escena-debe-incluir-escritorios-largos-sillas-minimalistas-y-a.webp\",\"keywords\":[\"inmobiliario\",\"inversi\u00f3n\"],\"articleSection\":[\"Mercado\"],\"inLanguage\":\"es-CL\"},{\"@type\":\"WebPage\",\"@id\":\"https:\/\/lares.cl\/blog\/de-wework-a-work-cafe-adaptabilidad-en-el-mundo-inmobiliario\/\",\"url\":\"https:\/\/lares.cl\/blog\/de-wework-a-work-cafe-adaptabilidad-en-el-mundo-inmobiliario\/\",\"name\":\"Dejando el WeWork por un WorkCaf\u00e9. - Lares Blog\",\"isPartOf\":{\"@id\":\"https:\/\/lares.cl\/blog\/#website\"},\"primaryImageOfPage\":{\"@id\":\"https:\/\/lares.cl\/blog\/de-wework-a-work-cafe-adaptabilidad-en-el-mundo-inmobiliario\/#primaryimage\"},\"image\":{\"@id\":\"https:\/\/lares.cl\/blog\/de-wework-a-work-cafe-adaptabilidad-en-el-mundo-inmobiliario\/#primaryimage\"},\"thumbnailUrl\":\"https:\/\/lares.cl\/blog\/wp-content\/uploads\/2024\/08\/DALL\u00b7E-2024-12-24-13.32.16-Una-imagen-que-muestre-un-espacio-de-oficina-estilo-WeWork-con-senales-de-abandono.-La-escena-debe-incluir-escritorios-largos-sillas-minimalistas-y-a.webp\",\"datePublished\":\"2024-08-12T22:28:47+00:00\",\"dateModified\":\"2025-12-17T17:14:31+00:00\",\"description\":\"Reflexionamos sobre las lecciones de adaptabilidad en el mundo inmobiliario comparando WeWork y Work Caf\u00e9 de Santander. Un vistazo personal a la resiliencia y la innovaci\u00f3n en espacios de trabajo\",\"breadcrumb\":{\"@id\":\"https:\/\/lares.cl\/blog\/de-wework-a-work-cafe-adaptabilidad-en-el-mundo-inmobiliario\/#breadcrumb\"},\"inLanguage\":\"es-CL\",\"potentialAction\":[{\"@type\":\"ReadAction\",\"target\":[\"https:\/\/lares.cl\/blog\/de-wework-a-work-cafe-adaptabilidad-en-el-mundo-inmobiliario\/\"]}]},{\"@type\":\"ImageObject\",\"inLanguage\":\"es-CL\",\"@id\":\"https:\/\/lares.cl\/blog\/de-wework-a-work-cafe-adaptabilidad-en-el-mundo-inmobiliario\/#primaryimage\",\"url\":\"https:\/\/lares.cl\/blog\/wp-content\/uploads\/2024\/08\/DALL\u00b7E-2024-12-24-13.32.16-Una-imagen-que-muestre-un-espacio-de-oficina-estilo-WeWork-con-senales-de-abandono.-La-escena-debe-incluir-escritorios-largos-sillas-minimalistas-y-a.webp\",\"contentUrl\":\"https:\/\/lares.cl\/blog\/wp-content\/uploads\/2024\/08\/DALL\u00b7E-2024-12-24-13.32.16-Una-imagen-que-muestre-un-espacio-de-oficina-estilo-WeWork-con-senales-de-abandono.-La-escena-debe-incluir-escritorios-largos-sillas-minimalistas-y-a.webp\",\"width\":1024,\"height\":1024},{\"@type\":\"BreadcrumbList\",\"@id\":\"https:\/\/lares.cl\/blog\/de-wework-a-work-cafe-adaptabilidad-en-el-mundo-inmobiliario\/#breadcrumb\",\"itemListElement\":[{\"@type\":\"ListItem\",\"position\":1,\"name\":\"Portada\",\"item\":\"https:\/\/lares.cl\/blog\/\"},{\"@type\":\"ListItem\",\"position\":2,\"name\":\"Dejando el WeWork por un WorkCaf\u00e9.\"}]},{\"@type\":\"WebSite\",\"@id\":\"https:\/\/lares.cl\/blog\/#website\",\"url\":\"https:\/\/lares.cl\/blog\/\",\"name\":\"lares.cl\",\"description\":\"Crowdfunding Inmobiliario\",\"publisher\":{\"@id\":\"https:\/\/lares.cl\/blog\/#organization\"},\"potentialAction\":[{\"@type\":\"SearchAction\",\"target\":{\"@type\":\"EntryPoint\",\"urlTemplate\":\"https:\/\/lares.cl\/blog\/?s={search_term_string}\"},\"query-input\":{\"@type\":\"PropertyValueSpecification\",\"valueRequired\":true,\"valueName\":\"search_term_string\"}}],\"inLanguage\":\"es-CL\"},{\"@type\":\"Organization\",\"@id\":\"https:\/\/lares.cl\/blog\/#organization\",\"name\":\"Lares\",\"url\":\"https:\/\/lares.cl\/blog\/\",\"logo\":{\"@type\":\"ImageObject\",\"inLanguage\":\"es-CL\",\"@id\":\"https:\/\/lares.cl\/blog\/#\/schema\/logo\/image\/\",\"url\":\"https:\/\/lares.cl\/blog\/wp-content\/uploads\/2024\/06\/Logo-Lares-blog-2024-1-1.png\",\"contentUrl\":\"https:\/\/lares.cl\/blog\/wp-content\/uploads\/2024\/06\/Logo-Lares-blog-2024-1-1.png\",\"width\":1122,\"height\":287,\"caption\":\"Lares\"},\"image\":{\"@id\":\"https:\/\/lares.cl\/blog\/#\/schema\/logo\/image\/\"},\"sameAs\":[\"https:\/\/www.facebook.com\/lares.cl\",\"https:\/\/www.instagram.com\/lareschile\",\"https:\/\/www.linkedin.com\/company\/lareschile\/\"]},{\"@type\":\"Person\",\"@id\":\"https:\/\/lares.cl\/blog\/#\/schema\/person\/8096976c56420e8432035e6ed0931e89\",\"name\":\"Renato Leyton\",\"image\":{\"@type\":\"ImageObject\",\"inLanguage\":\"es-CL\",\"@id\":\"https:\/\/lares.cl\/blog\/#\/schema\/person\/image\/\",\"url\":\"https:\/\/secure.gravatar.com\/avatar\/4c9fdf88b1667c2aab068a1530819bd736562b50342dc935aed8e6ff1213fe94?s=96&d=mm&r=g\",\"contentUrl\":\"https:\/\/secure.gravatar.com\/avatar\/4c9fdf88b1667c2aab068a1530819bd736562b50342dc935aed8e6ff1213fe94?s=96&d=mm&r=g\",\"caption\":\"Renato Leyton\"}}]}<\/script>\n<!-- \/ Yoast SEO plugin. -->","yoast_head_json":{"title":"Dejando el WeWork por un WorkCaf\u00e9. - Lares Blog","description":"Reflexionamos sobre las lecciones de adaptabilidad en el mundo inmobiliario comparando WeWork y Work Caf\u00e9 de Santander. Un vistazo personal a la resiliencia y la innovaci\u00f3n en espacios de trabajo","robots":{"index":"index","follow":"follow","max-snippet":"max-snippet:-1","max-image-preview":"max-image-preview:large","max-video-preview":"max-video-preview:-1"},"canonical":"https:\/\/lares.cl\/blog\/de-wework-a-work-cafe-adaptabilidad-en-el-mundo-inmobiliario\/","og_locale":"es_ES","og_type":"article","og_title":"Dejando el WeWork por un WorkCaf\u00e9. - Lares Blog","og_description":"Reflexionamos sobre las lecciones de adaptabilidad en el mundo inmobiliario comparando WeWork y Work Caf\u00e9 de Santander. Un vistazo personal a la resiliencia y la innovaci\u00f3n en espacios de trabajo","og_url":"https:\/\/lares.cl\/blog\/de-wework-a-work-cafe-adaptabilidad-en-el-mundo-inmobiliario\/","og_site_name":"Lares Blog","article_publisher":"https:\/\/www.facebook.com\/lares.cl","article_published_time":"2024-08-12T22:28:47+00:00","article_modified_time":"2025-12-17T17:14:31+00:00","og_image":[{"width":1024,"height":1024,"url":"https:\/\/lares.cl\/blog\/wp-content\/uploads\/2024\/08\/DALL\u00b7E-2024-12-24-13.32.16-Una-imagen-que-muestre-un-espacio-de-oficina-estilo-WeWork-con-senales-de-abandono.-La-escena-debe-incluir-escritorios-largos-sillas-minimalistas-y-a.webp","type":"image\/webp"}],"author":"Renato Leyton","twitter_card":"summary_large_image","twitter_misc":{"Escrito por":"Renato Leyton","Tiempo estimado de lectura":"3 minutes"},"schema":{"@context":"https:\/\/schema.org","@graph":[{"@type":"Article","@id":"https:\/\/lares.cl\/blog\/de-wework-a-work-cafe-adaptabilidad-en-el-mundo-inmobiliario\/#article","isPartOf":{"@id":"https:\/\/lares.cl\/blog\/de-wework-a-work-cafe-adaptabilidad-en-el-mundo-inmobiliario\/"},"author":{"name":"Renato Leyton","@id":"https:\/\/lares.cl\/blog\/#\/schema\/person\/8096976c56420e8432035e6ed0931e89"},"headline":"Dejando el WeWork por un WorkCaf\u00e9.","datePublished":"2024-08-12T22:28:47+00:00","dateModified":"2025-12-17T17:14:31+00:00","mainEntityOfPage":{"@id":"https:\/\/lares.cl\/blog\/de-wework-a-work-cafe-adaptabilidad-en-el-mundo-inmobiliario\/"},"wordCount":358,"publisher":{"@id":"https:\/\/lares.cl\/blog\/#organization"},"image":{"@id":"https:\/\/lares.cl\/blog\/de-wework-a-work-cafe-adaptabilidad-en-el-mundo-inmobiliario\/#primaryimage"},"thumbnailUrl":"https:\/\/lares.cl\/blog\/wp-content\/uploads\/2024\/08\/DALL\u00b7E-2024-12-24-13.32.16-Una-imagen-que-muestre-un-espacio-de-oficina-estilo-WeWork-con-senales-de-abandono.-La-escena-debe-incluir-escritorios-largos-sillas-minimalistas-y-a.webp","keywords":["inmobiliario","inversi\u00f3n"],"articleSection":["Mercado"],"inLanguage":"es-CL"},{"@type":"WebPage","@id":"https:\/\/lares.cl\/blog\/de-wework-a-work-cafe-adaptabilidad-en-el-mundo-inmobiliario\/","url":"https:\/\/lares.cl\/blog\/de-wework-a-work-cafe-adaptabilidad-en-el-mundo-inmobiliario\/","name":"Dejando el WeWork por un WorkCaf\u00e9. - Lares Blog","isPartOf":{"@id":"https:\/\/lares.cl\/blog\/#website"},"primaryImageOfPage":{"@id":"https:\/\/lares.cl\/blog\/de-wework-a-work-cafe-adaptabilidad-en-el-mundo-inmobiliario\/#primaryimage"},"image":{"@id":"https:\/\/lares.cl\/blog\/de-wework-a-work-cafe-adaptabilidad-en-el-mundo-inmobiliario\/#primaryimage"},"thumbnailUrl":"https:\/\/lares.cl\/blog\/wp-content\/uploads\/2024\/08\/DALL\u00b7E-2024-12-24-13.32.16-Una-imagen-que-muestre-un-espacio-de-oficina-estilo-WeWork-con-senales-de-abandono.-La-escena-debe-incluir-escritorios-largos-sillas-minimalistas-y-a.webp","datePublished":"2024-08-12T22:28:47+00:00","dateModified":"2025-12-17T17:14:31+00:00","description":"Reflexionamos sobre las lecciones de adaptabilidad en el mundo inmobiliario comparando WeWork y Work Caf\u00e9 de Santander. Un vistazo personal a la resiliencia y la innovaci\u00f3n en espacios de trabajo","breadcrumb":{"@id":"https:\/\/lares.cl\/blog\/de-wework-a-work-cafe-adaptabilidad-en-el-mundo-inmobiliario\/#breadcrumb"},"inLanguage":"es-CL","potentialAction":[{"@type":"ReadAction","target":["https:\/\/lares.cl\/blog\/de-wework-a-work-cafe-adaptabilidad-en-el-mundo-inmobiliario\/"]}]},{"@type":"ImageObject","inLanguage":"es-CL","@id":"https:\/\/lares.cl\/blog\/de-wework-a-work-cafe-adaptabilidad-en-el-mundo-inmobiliario\/#primaryimage","url":"https:\/\/lares.cl\/blog\/wp-content\/uploads\/2024\/08\/DALL\u00b7E-2024-12-24-13.32.16-Una-imagen-que-muestre-un-espacio-de-oficina-estilo-WeWork-con-senales-de-abandono.-La-escena-debe-incluir-escritorios-largos-sillas-minimalistas-y-a.webp","contentUrl":"https:\/\/lares.cl\/blog\/wp-content\/uploads\/2024\/08\/DALL\u00b7E-2024-12-24-13.32.16-Una-imagen-que-muestre-un-espacio-de-oficina-estilo-WeWork-con-senales-de-abandono.-La-escena-debe-incluir-escritorios-largos-sillas-minimalistas-y-a.webp","width":1024,"height":1024},{"@type":"BreadcrumbList","@id":"https:\/\/lares.cl\/blog\/de-wework-a-work-cafe-adaptabilidad-en-el-mundo-inmobiliario\/#breadcrumb","itemListElement":[{"@type":"ListItem","position":1,"name":"Portada","item":"https:\/\/lares.cl\/blog\/"},{"@type":"ListItem","position":2,"name":"Dejando el WeWork por un WorkCaf\u00e9."}]},{"@type":"WebSite","@id":"https:\/\/lares.cl\/blog\/#website","url":"https:\/\/lares.cl\/blog\/","name":"lares.cl","description":"Crowdfunding Inmobiliario","publisher":{"@id":"https:\/\/lares.cl\/blog\/#organization"},"potentialAction":[{"@type":"SearchAction","target":{"@type":"EntryPoint","urlTemplate":"https:\/\/lares.cl\/blog\/?s={search_term_string}"},"query-input":{"@type":"PropertyValueSpecification","valueRequired":true,"valueName":"search_term_string"}}],"inLanguage":"es-CL"},{"@type":"Organization","@id":"https:\/\/lares.cl\/blog\/#organization","name":"Lares","url":"https:\/\/lares.cl\/blog\/","logo":{"@type":"ImageObject","inLanguage":"es-CL","@id":"https:\/\/lares.cl\/blog\/#\/schema\/logo\/image\/","url":"https:\/\/lares.cl\/blog\/wp-content\/uploads\/2024\/06\/Logo-Lares-blog-2024-1-1.png","contentUrl":"https:\/\/lares.cl\/blog\/wp-content\/uploads\/2024\/06\/Logo-Lares-blog-2024-1-1.png","width":1122,"height":287,"caption":"Lares"},"image":{"@id":"https:\/\/lares.cl\/blog\/#\/schema\/logo\/image\/"},"sameAs":["https:\/\/www.facebook.com\/lares.cl","https:\/\/www.instagram.com\/lareschile","https:\/\/www.linkedin.com\/company\/lareschile\/"]},{"@type":"Person","@id":"https:\/\/lares.cl\/blog\/#\/schema\/person\/8096976c56420e8432035e6ed0931e89","name":"Renato Leyton","image":{"@type":"ImageObject","inLanguage":"es-CL","@id":"https:\/\/lares.cl\/blog\/#\/schema\/person\/image\/","url":"https:\/\/secure.gravatar.com\/avatar\/4c9fdf88b1667c2aab068a1530819bd736562b50342dc935aed8e6ff1213fe94?s=96&d=mm&r=g","contentUrl":"https:\/\/secure.gravatar.com\/avatar\/4c9fdf88b1667c2aab068a1530819bd736562b50342dc935aed8e6ff1213fe94?s=96&d=mm&r=g","caption":"Renato Leyton"}}]}},"_links":{"self":[{"href":"https:\/\/lares.cl\/blog\/wp-json\/wp\/v2\/posts\/481","targetHints":{"allow":["GET"]}}],"collection":[{"href":"https:\/\/lares.cl\/blog\/wp-json\/wp\/v2\/posts"}],"about":[{"href":"https:\/\/lares.cl\/blog\/wp-json\/wp\/v2\/types\/post"}],"author":[{"embeddable":true,"href":"https:\/\/lares.cl\/blog\/wp-json\/wp\/v2\/users\/7"}],"replies":[{"embeddable":true,"href":"https:\/\/lares.cl\/blog\/wp-json\/wp\/v2\/comments?post=481"}],"version-history":[{"count":0,"href":"https:\/\/lares.cl\/blog\/wp-json\/wp\/v2\/posts\/481\/revisions"}],"wp:featuredmedia":[{"embeddable":true,"href":"https:\/\/lares.cl\/blog\/wp-json\/wp\/v2\/media\/572"}],"wp:attachment":[{"href":"https:\/\/lares.cl\/blog\/wp-json\/wp\/v2\/media?parent=481"}],"wp:term":[{"taxonomy":"category","embeddable":true,"href":"https:\/\/lares.cl\/blog\/wp-json\/wp\/v2\/categories?post=481"},{"taxonomy":"post_tag","embeddable":true,"href":"https:\/\/lares.cl\/blog\/wp-json\/wp\/v2\/tags?post=481"}],"curies":[{"name":"wp","href":"https:\/\/api.w.org\/{rel}","templated":true}]}}