{"id":530,"date":"2024-09-06T14:33:03","date_gmt":"2024-09-06T18:33:03","guid":{"rendered":"https:\/\/lares.cl\/blog\/?p=530"},"modified":"2026-03-27T03:05:06","modified_gmt":"2026-03-27T06:05:06","slug":"brinks-la-historia-se-repite","status":"publish","type":"post","link":"https:\/\/lares.cl\/blog\/brinks-la-historia-se-repite\/","title":{"rendered":"Brinks: \u00bfLa historia se repite?"},"content":{"rendered":"<div id=\"bsf_rt_marker\"><\/div>\n<p class=\"wp-block-paragraph\">El reciente asalto a Brinks en Rancagua ha remecido a Chile, record\u00e1ndonos uno de los robos m\u00e1s audaces de la \u00faltima d\u00e9cada: el &#8220;Robo del Siglo&#8221;. Ambos eventos, aunque con matices distintos, comparten caracter\u00edsticas que nos invitan a reflexionar sobre la seguridad de nuestros bienes y la evoluci\u00f3n de este tipo de delitos.<\/p>\n\n\n\n<p class=\"wp-block-paragraph\">Brinks, una empresa multinacional especializada en transporte de valores, se ha convertido en un blanco muy atractivo para delincuentes. Tanto el robo en Rancagua como el &#8220;Robo del Siglo&#8221; en el Aeropuerto de Santiago demuestran la vulnerabilidad de este tipo de empresas y la tentaci\u00f3n que representan para quienes buscan dinero r\u00e1pido.<\/p>\n\n\n\n<h3 class=\"wp-block-heading\">Similitudes entre el asalto a Brinks en Rancagua y el &#8220;Robo del Siglo&#8221;<\/h3>\n\n\n\n<ul class=\"wp-block-list\">\n<li><strong>Objetivo com\u00fan<\/strong>: Ambas acciones apuntaron a la empresa de transporte de valores, evidenciando la alta ganancia que los delincuentes atribuyen a este tipo de robos, buscando el sue\u00f1o de &#8220;no tener que preocuparse nunca m\u00e1s por plata&#8221;.<\/li>\n\n\n\n<li><strong>Planificaci\u00f3n<\/strong>: Ambos casos mostraron una planificaci\u00f3n meticulosa, con equipos organizados y divisi\u00f3n de tareas.<\/li>\n\n\n\n<li><strong>Uso de violencia<\/strong>: Aunque en diferentes grados, ambos robos involucraron el uso de la violencia para intimidar a guardias y facilitar la huida.<\/li>\n\n\n\n<li><strong>Impacto medi\u00e1tico<\/strong>: Ambos eventos generaron una gran cobertura medi\u00e1tica, convirti\u00e9ndolos en hechos hist\u00f3ricos.<\/li>\n<\/ul>\n\n\n\n<h3 class=\"wp-block-heading\">Diferencias notables<\/h3>\n\n\n\n<p class=\"wp-block-paragraph\">A pesar de las similitudes, existen diferencias destacables entre ambos casos:<\/p>\n\n\n\n<ul class=\"wp-block-list\">\n<li>El robo en Rancagua evidenci\u00f3 una mayor <strong>sofisticaci\u00f3n tecnol\u00f3gica<\/strong>, con el uso de inhibidores de se\u00f1al y otros dispositivos. Adem\u00e1s, involucr\u00f3 a un mayor n\u00famero de participantes y una log\u00edstica m\u00e1s compleja.<\/li>\n<\/ul>\n\n\n\n<h3 class=\"wp-block-heading\">Reflexiones sobre la seguridad financiera<\/h3>\n\n\n\n<p class=\"wp-block-paragraph\">Los robos a Brinks son un recordatorio de que la seguridad financiera es una preocupaci\u00f3n constante. Aunque las autoridades y las empresas trabajan continuamente para prevenir este tipo de delitos y tienen mayores recursos, personas y estrategias para hacerlo, la responsabilidad de proteger nuestro patrimonio tambi\u00e9n recae en cada uno de nosotros. Aqu\u00ed te dejamos algunos consejos \u00fatiles:<\/p>\n\n\n\n<ul class=\"wp-block-list\">\n<li><strong>Diversificar<\/strong>: No concentres todos tus ahorros e inversiones en un solo lugar.<\/li>\n\n\n\n<li><strong>Seguridad digital<\/strong>: Protege tus datos personales y financieros en l\u00ednea.<\/li>\n\n\n\n<li><strong>Educaci\u00f3n financiera<\/strong>: Inf\u00f3rmate sobre c\u00f3mo invertir y proteger tu patrimonio.<\/li>\n\n\n\n<li><strong>Seguros<\/strong>: Contrata seguros adecuados para proteger tus bienes.<\/li>\n<\/ul>\n\n\n\n<p class=\"wp-block-paragraph\">Ahora bien, <strong>\u00bfD\u00f3nde est\u00e1 la plata?<\/strong><\/p>\n","protected":false},"excerpt":{"rendered":"<p>El reciente asalto a Brinks en Rancagua ha remecido a Chile, record\u00e1ndonos uno de los robos m\u00e1s audaces de la \u00faltima d\u00e9cada: el &#8220;Robo del Siglo&#8221;. Ambos eventos, aunque con&#8230;<\/p>\n","protected":false},"author":8,"featured_media":537,"comment_status":"closed","ping_status":"open","sticky":false,"template":"","format":"standard","meta":{"footnotes":""},"categories":[18,27],"tags":[47],"class_list":["post-530","post","type-post","status-publish","format-standard","has-post-thumbnail","hentry","category-mercado","category-noticias","tag-noticias"],"yoast_head":"<!-- This site is optimized with the Yoast SEO plugin v25.6 - https:\/\/yoast.com\/wordpress\/plugins\/seo\/ -->\n<title>Brinks: \u00bfLa historia se repite? - Lares Blog<\/title>\n<meta name=\"robots\" content=\"index, follow, max-snippet:-1, max-image-preview:large, max-video-preview:-1\" \/>\n<link rel=\"canonical\" href=\"https:\/\/lares.cl\/blog\/brinks-la-historia-se-repite\/\" \/>\n<meta property=\"og:locale\" content=\"es_ES\" \/>\n<meta property=\"og:type\" content=\"article\" \/>\n<meta property=\"og:title\" content=\"Brinks: \u00bfLa historia se repite? - Lares Blog\" \/>\n<meta property=\"og:description\" content=\"El reciente asalto a Brinks en Rancagua ha remecido a Chile, record\u00e1ndonos uno de los robos m\u00e1s audaces de la \u00faltima d\u00e9cada: el &#8220;Robo del Siglo&#8221;. Ambos eventos, aunque con...\" \/>\n<meta property=\"og:url\" content=\"https:\/\/lares.cl\/blog\/brinks-la-historia-se-repite\/\" \/>\n<meta property=\"og:site_name\" content=\"Lares Blog\" \/>\n<meta property=\"article:publisher\" content=\"https:\/\/www.facebook.com\/lares.cl\" \/>\n<meta property=\"article:published_time\" content=\"2024-09-06T18:33:03+00:00\" \/>\n<meta property=\"article:modified_time\" content=\"2026-03-27T06:05:06+00:00\" \/>\n<meta property=\"og:image\" content=\"https:\/\/lares.cl\/blog\/wp-content\/uploads\/2024\/09\/DALL\u00b7E-2024-09-06-14.28.17-An-illustrated-cover-image-showing-a-tense-standoff-between-two-groups-representing-the-Robo-del-Siglo-and-the-Asalto-Brinks.-One-side-has-a-symbo.webp\" \/>\n\t<meta property=\"og:image:width\" content=\"1024\" \/>\n\t<meta property=\"og:image:height\" content=\"1024\" \/>\n\t<meta property=\"og:image:type\" content=\"image\/webp\" \/>\n<meta name=\"author\" content=\"Suhey Mor\u00e1n\" \/>\n<meta name=\"twitter:card\" content=\"summary_large_image\" \/>\n<meta name=\"twitter:label1\" content=\"Escrito por\" \/>\n\t<meta name=\"twitter:data1\" content=\"Suhey Mor\u00e1n\" \/>\n\t<meta name=\"twitter:label2\" content=\"Tiempo estimado de lectura\" \/>\n\t<meta name=\"twitter:data2\" content=\"2 minutes\" \/>\n<script type=\"application\/ld+json\" class=\"yoast-schema-graph\">{\"@context\":\"https:\/\/schema.org\",\"@graph\":[{\"@type\":\"Article\",\"@id\":\"https:\/\/lares.cl\/blog\/brinks-la-historia-se-repite\/#article\",\"isPartOf\":{\"@id\":\"https:\/\/lares.cl\/blog\/brinks-la-historia-se-repite\/\"},\"author\":{\"name\":\"Suhey Mor\u00e1n\",\"@id\":\"https:\/\/lares.cl\/blog\/#\/schema\/person\/43c6db2fda21e447de3e557121142237\"},\"headline\":\"Brinks: \u00bfLa historia se repite?\",\"datePublished\":\"2024-09-06T18:33:03+00:00\",\"dateModified\":\"2026-03-27T06:05:06+00:00\",\"mainEntityOfPage\":{\"@id\":\"https:\/\/lares.cl\/blog\/brinks-la-historia-se-repite\/\"},\"wordCount\":395,\"publisher\":{\"@id\":\"https:\/\/lares.cl\/blog\/#organization\"},\"image\":{\"@id\":\"https:\/\/lares.cl\/blog\/brinks-la-historia-se-repite\/#primaryimage\"},\"thumbnailUrl\":\"https:\/\/lares.cl\/blog\/wp-content\/uploads\/2024\/09\/DALL\u00b7E-2024-09-06-14.28.17-An-illustrated-cover-image-showing-a-tense-standoff-between-two-groups-representing-the-Robo-del-Siglo-and-the-Asalto-Brinks.-One-side-has-a-symbo.webp\",\"keywords\":[\"Noticias\"],\"articleSection\":[\"Mercado\",\"noticias\"],\"inLanguage\":\"es-CL\"},{\"@type\":\"WebPage\",\"@id\":\"https:\/\/lares.cl\/blog\/brinks-la-historia-se-repite\/\",\"url\":\"https:\/\/lares.cl\/blog\/brinks-la-historia-se-repite\/\",\"name\":\"Brinks: \u00bfLa historia se repite? - Lares Blog\",\"isPartOf\":{\"@id\":\"https:\/\/lares.cl\/blog\/#website\"},\"primaryImageOfPage\":{\"@id\":\"https:\/\/lares.cl\/blog\/brinks-la-historia-se-repite\/#primaryimage\"},\"image\":{\"@id\":\"https:\/\/lares.cl\/blog\/brinks-la-historia-se-repite\/#primaryimage\"},\"thumbnailUrl\":\"https:\/\/lares.cl\/blog\/wp-content\/uploads\/2024\/09\/DALL\u00b7E-2024-09-06-14.28.17-An-illustrated-cover-image-showing-a-tense-standoff-between-two-groups-representing-the-Robo-del-Siglo-and-the-Asalto-Brinks.-One-side-has-a-symbo.webp\",\"datePublished\":\"2024-09-06T18:33:03+00:00\",\"dateModified\":\"2026-03-27T06:05:06+00:00\",\"breadcrumb\":{\"@id\":\"https:\/\/lares.cl\/blog\/brinks-la-historia-se-repite\/#breadcrumb\"},\"inLanguage\":\"es-CL\",\"potentialAction\":[{\"@type\":\"ReadAction\",\"target\":[\"https:\/\/lares.cl\/blog\/brinks-la-historia-se-repite\/\"]}]},{\"@type\":\"ImageObject\",\"inLanguage\":\"es-CL\",\"@id\":\"https:\/\/lares.cl\/blog\/brinks-la-historia-se-repite\/#primaryimage\",\"url\":\"https:\/\/lares.cl\/blog\/wp-content\/uploads\/2024\/09\/DALL\u00b7E-2024-09-06-14.28.17-An-illustrated-cover-image-showing-a-tense-standoff-between-two-groups-representing-the-Robo-del-Siglo-and-the-Asalto-Brinks.-One-side-has-a-symbo.webp\",\"contentUrl\":\"https:\/\/lares.cl\/blog\/wp-content\/uploads\/2024\/09\/DALL\u00b7E-2024-09-06-14.28.17-An-illustrated-cover-image-showing-a-tense-standoff-between-two-groups-representing-the-Robo-del-Siglo-and-the-Asalto-Brinks.-One-side-has-a-symbo.webp\",\"width\":1024,\"height\":1024},{\"@type\":\"BreadcrumbList\",\"@id\":\"https:\/\/lares.cl\/blog\/brinks-la-historia-se-repite\/#breadcrumb\",\"itemListElement\":[{\"@type\":\"ListItem\",\"position\":1,\"name\":\"Portada\",\"item\":\"https:\/\/lares.cl\/blog\/\"},{\"@type\":\"ListItem\",\"position\":2,\"name\":\"Brinks: \u00bfLa historia se repite?\"}]},{\"@type\":\"WebSite\",\"@id\":\"https:\/\/lares.cl\/blog\/#website\",\"url\":\"https:\/\/lares.cl\/blog\/\",\"name\":\"lares.cl\",\"description\":\"Crowdfunding Inmobiliario\",\"publisher\":{\"@id\":\"https:\/\/lares.cl\/blog\/#organization\"},\"potentialAction\":[{\"@type\":\"SearchAction\",\"target\":{\"@type\":\"EntryPoint\",\"urlTemplate\":\"https:\/\/lares.cl\/blog\/?s={search_term_string}\"},\"query-input\":{\"@type\":\"PropertyValueSpecification\",\"valueRequired\":true,\"valueName\":\"search_term_string\"}}],\"inLanguage\":\"es-CL\"},{\"@type\":\"Organization\",\"@id\":\"https:\/\/lares.cl\/blog\/#organization\",\"name\":\"Lares\",\"url\":\"https:\/\/lares.cl\/blog\/\",\"logo\":{\"@type\":\"ImageObject\",\"inLanguage\":\"es-CL\",\"@id\":\"https:\/\/lares.cl\/blog\/#\/schema\/logo\/image\/\",\"url\":\"https:\/\/lares.cl\/blog\/wp-content\/uploads\/2024\/06\/Logo-Lares-blog-2024-1-1.png\",\"contentUrl\":\"https:\/\/lares.cl\/blog\/wp-content\/uploads\/2024\/06\/Logo-Lares-blog-2024-1-1.png\",\"width\":1122,\"height\":287,\"caption\":\"Lares\"},\"image\":{\"@id\":\"https:\/\/lares.cl\/blog\/#\/schema\/logo\/image\/\"},\"sameAs\":[\"https:\/\/www.facebook.com\/lares.cl\",\"https:\/\/www.instagram.com\/lareschile\",\"https:\/\/www.linkedin.com\/company\/lareschile\/\"]},{\"@type\":\"Person\",\"@id\":\"https:\/\/lares.cl\/blog\/#\/schema\/person\/43c6db2fda21e447de3e557121142237\",\"name\":\"Suhey Mor\u00e1n\",\"image\":{\"@type\":\"ImageObject\",\"inLanguage\":\"es-CL\",\"@id\":\"https:\/\/lares.cl\/blog\/#\/schema\/person\/image\/\",\"url\":\"https:\/\/secure.gravatar.com\/avatar\/3953a2db639abcd8e9c465f3d6c0c1940a045f55d8b6c5b5fe695db590b7533a?s=96&d=mm&r=g\",\"contentUrl\":\"https:\/\/secure.gravatar.com\/avatar\/3953a2db639abcd8e9c465f3d6c0c1940a045f55d8b6c5b5fe695db590b7533a?s=96&d=mm&r=g\",\"caption\":\"Suhey Mor\u00e1n\"}}]}<\/script>\n<!-- \/ Yoast SEO plugin. -->","yoast_head_json":{"title":"Brinks: \u00bfLa historia se repite? - Lares Blog","robots":{"index":"index","follow":"follow","max-snippet":"max-snippet:-1","max-image-preview":"max-image-preview:large","max-video-preview":"max-video-preview:-1"},"canonical":"https:\/\/lares.cl\/blog\/brinks-la-historia-se-repite\/","og_locale":"es_ES","og_type":"article","og_title":"Brinks: \u00bfLa historia se repite? - Lares Blog","og_description":"El reciente asalto a Brinks en Rancagua ha remecido a Chile, record\u00e1ndonos uno de los robos m\u00e1s audaces de la \u00faltima d\u00e9cada: el &#8220;Robo del Siglo&#8221;. Ambos eventos, aunque con...","og_url":"https:\/\/lares.cl\/blog\/brinks-la-historia-se-repite\/","og_site_name":"Lares Blog","article_publisher":"https:\/\/www.facebook.com\/lares.cl","article_published_time":"2024-09-06T18:33:03+00:00","article_modified_time":"2026-03-27T06:05:06+00:00","og_image":[{"width":1024,"height":1024,"url":"https:\/\/lares.cl\/blog\/wp-content\/uploads\/2024\/09\/DALL\u00b7E-2024-09-06-14.28.17-An-illustrated-cover-image-showing-a-tense-standoff-between-two-groups-representing-the-Robo-del-Siglo-and-the-Asalto-Brinks.-One-side-has-a-symbo.webp","type":"image\/webp"}],"author":"Suhey Mor\u00e1n","twitter_card":"summary_large_image","twitter_misc":{"Escrito por":"Suhey Mor\u00e1n","Tiempo estimado de lectura":"2 minutes"},"schema":{"@context":"https:\/\/schema.org","@graph":[{"@type":"Article","@id":"https:\/\/lares.cl\/blog\/brinks-la-historia-se-repite\/#article","isPartOf":{"@id":"https:\/\/lares.cl\/blog\/brinks-la-historia-se-repite\/"},"author":{"name":"Suhey Mor\u00e1n","@id":"https:\/\/lares.cl\/blog\/#\/schema\/person\/43c6db2fda21e447de3e557121142237"},"headline":"Brinks: \u00bfLa historia se repite?","datePublished":"2024-09-06T18:33:03+00:00","dateModified":"2026-03-27T06:05:06+00:00","mainEntityOfPage":{"@id":"https:\/\/lares.cl\/blog\/brinks-la-historia-se-repite\/"},"wordCount":395,"publisher":{"@id":"https:\/\/lares.cl\/blog\/#organization"},"image":{"@id":"https:\/\/lares.cl\/blog\/brinks-la-historia-se-repite\/#primaryimage"},"thumbnailUrl":"https:\/\/lares.cl\/blog\/wp-content\/uploads\/2024\/09\/DALL\u00b7E-2024-09-06-14.28.17-An-illustrated-cover-image-showing-a-tense-standoff-between-two-groups-representing-the-Robo-del-Siglo-and-the-Asalto-Brinks.-One-side-has-a-symbo.webp","keywords":["Noticias"],"articleSection":["Mercado","noticias"],"inLanguage":"es-CL"},{"@type":"WebPage","@id":"https:\/\/lares.cl\/blog\/brinks-la-historia-se-repite\/","url":"https:\/\/lares.cl\/blog\/brinks-la-historia-se-repite\/","name":"Brinks: \u00bfLa historia se repite? - Lares Blog","isPartOf":{"@id":"https:\/\/lares.cl\/blog\/#website"},"primaryImageOfPage":{"@id":"https:\/\/lares.cl\/blog\/brinks-la-historia-se-repite\/#primaryimage"},"image":{"@id":"https:\/\/lares.cl\/blog\/brinks-la-historia-se-repite\/#primaryimage"},"thumbnailUrl":"https:\/\/lares.cl\/blog\/wp-content\/uploads\/2024\/09\/DALL\u00b7E-2024-09-06-14.28.17-An-illustrated-cover-image-showing-a-tense-standoff-between-two-groups-representing-the-Robo-del-Siglo-and-the-Asalto-Brinks.-One-side-has-a-symbo.webp","datePublished":"2024-09-06T18:33:03+00:00","dateModified":"2026-03-27T06:05:06+00:00","breadcrumb":{"@id":"https:\/\/lares.cl\/blog\/brinks-la-historia-se-repite\/#breadcrumb"},"inLanguage":"es-CL","potentialAction":[{"@type":"ReadAction","target":["https:\/\/lares.cl\/blog\/brinks-la-historia-se-repite\/"]}]},{"@type":"ImageObject","inLanguage":"es-CL","@id":"https:\/\/lares.cl\/blog\/brinks-la-historia-se-repite\/#primaryimage","url":"https:\/\/lares.cl\/blog\/wp-content\/uploads\/2024\/09\/DALL\u00b7E-2024-09-06-14.28.17-An-illustrated-cover-image-showing-a-tense-standoff-between-two-groups-representing-the-Robo-del-Siglo-and-the-Asalto-Brinks.-One-side-has-a-symbo.webp","contentUrl":"https:\/\/lares.cl\/blog\/wp-content\/uploads\/2024\/09\/DALL\u00b7E-2024-09-06-14.28.17-An-illustrated-cover-image-showing-a-tense-standoff-between-two-groups-representing-the-Robo-del-Siglo-and-the-Asalto-Brinks.-One-side-has-a-symbo.webp","width":1024,"height":1024},{"@type":"BreadcrumbList","@id":"https:\/\/lares.cl\/blog\/brinks-la-historia-se-repite\/#breadcrumb","itemListElement":[{"@type":"ListItem","position":1,"name":"Portada","item":"https:\/\/lares.cl\/blog\/"},{"@type":"ListItem","position":2,"name":"Brinks: \u00bfLa historia se repite?"}]},{"@type":"WebSite","@id":"https:\/\/lares.cl\/blog\/#website","url":"https:\/\/lares.cl\/blog\/","name":"lares.cl","description":"Crowdfunding Inmobiliario","publisher":{"@id":"https:\/\/lares.cl\/blog\/#organization"},"potentialAction":[{"@type":"SearchAction","target":{"@type":"EntryPoint","urlTemplate":"https:\/\/lares.cl\/blog\/?s={search_term_string}"},"query-input":{"@type":"PropertyValueSpecification","valueRequired":true,"valueName":"search_term_string"}}],"inLanguage":"es-CL"},{"@type":"Organization","@id":"https:\/\/lares.cl\/blog\/#organization","name":"Lares","url":"https:\/\/lares.cl\/blog\/","logo":{"@type":"ImageObject","inLanguage":"es-CL","@id":"https:\/\/lares.cl\/blog\/#\/schema\/logo\/image\/","url":"https:\/\/lares.cl\/blog\/wp-content\/uploads\/2024\/06\/Logo-Lares-blog-2024-1-1.png","contentUrl":"https:\/\/lares.cl\/blog\/wp-content\/uploads\/2024\/06\/Logo-Lares-blog-2024-1-1.png","width":1122,"height":287,"caption":"Lares"},"image":{"@id":"https:\/\/lares.cl\/blog\/#\/schema\/logo\/image\/"},"sameAs":["https:\/\/www.facebook.com\/lares.cl","https:\/\/www.instagram.com\/lareschile","https:\/\/www.linkedin.com\/company\/lareschile\/"]},{"@type":"Person","@id":"https:\/\/lares.cl\/blog\/#\/schema\/person\/43c6db2fda21e447de3e557121142237","name":"Suhey Mor\u00e1n","image":{"@type":"ImageObject","inLanguage":"es-CL","@id":"https:\/\/lares.cl\/blog\/#\/schema\/person\/image\/","url":"https:\/\/secure.gravatar.com\/avatar\/3953a2db639abcd8e9c465f3d6c0c1940a045f55d8b6c5b5fe695db590b7533a?s=96&d=mm&r=g","contentUrl":"https:\/\/secure.gravatar.com\/avatar\/3953a2db639abcd8e9c465f3d6c0c1940a045f55d8b6c5b5fe695db590b7533a?s=96&d=mm&r=g","caption":"Suhey Mor\u00e1n"}}]}},"_links":{"self":[{"href":"https:\/\/lares.cl\/blog\/wp-json\/wp\/v2\/posts\/530","targetHints":{"allow":["GET"]}}],"collection":[{"href":"https:\/\/lares.cl\/blog\/wp-json\/wp\/v2\/posts"}],"about":[{"href":"https:\/\/lares.cl\/blog\/wp-json\/wp\/v2\/types\/post"}],"author":[{"embeddable":true,"href":"https:\/\/lares.cl\/blog\/wp-json\/wp\/v2\/users\/8"}],"replies":[{"embeddable":true,"href":"https:\/\/lares.cl\/blog\/wp-json\/wp\/v2\/comments?post=530"}],"version-history":[{"count":0,"href":"https:\/\/lares.cl\/blog\/wp-json\/wp\/v2\/posts\/530\/revisions"}],"wp:featuredmedia":[{"embeddable":true,"href":"https:\/\/lares.cl\/blog\/wp-json\/wp\/v2\/media\/537"}],"wp:attachment":[{"href":"https:\/\/lares.cl\/blog\/wp-json\/wp\/v2\/media?parent=530"}],"wp:term":[{"taxonomy":"category","embeddable":true,"href":"https:\/\/lares.cl\/blog\/wp-json\/wp\/v2\/categories?post=530"},{"taxonomy":"post_tag","embeddable":true,"href":"https:\/\/lares.cl\/blog\/wp-json\/wp\/v2\/tags?post=530"}],"curies":[{"name":"wp","href":"https:\/\/api.w.org\/{rel}","templated":true}]}}