{"id":567,"date":"2024-12-24T13:27:40","date_gmt":"2024-12-24T16:27:40","guid":{"rendered":"https:\/\/lares.cl\/blog\/?p=567"},"modified":"2026-03-27T03:03:24","modified_gmt":"2026-03-27T06:03:24","slug":"la-gran-manzana-vs-airbnb-un-conflicto-necesario-o-una-jugada-arriesgada","status":"publish","type":"post","link":"https:\/\/lares.cl\/blog\/la-gran-manzana-vs-airbnb-un-conflicto-necesario-o-una-jugada-arriesgada\/","title":{"rendered":"La Gran Manzana vs. Airbnb: \u00bfUn conflicto necesario o una jugada arriesgada?&#8221;"},"content":{"rendered":"<div id=\"bsf_rt_marker\"><\/div>\n<p class=\"wp-block-paragraph\">Si has pensado en visitar Nueva York y reservar un departamento acogedor a trav\u00e9s de Airbnb, tenemos noticias frescas: las reglas del juego han cambiado. Desde septiembre de 2023, la Gran Manzana implement\u00f3 la famosa <strong>Ley Local 18<\/strong>, tambi\u00e9n conocida como la <strong>Ley de Registro de Alquileres a Corto Plazo<\/strong>. Y s\u00ed, esto ha revolucionado (o m\u00e1s bien limitado) el uso de plataformas como Airbnb. Aqu\u00ed te contamos todo al respecto.<\/p>\n\n\n\n<figure class=\"wp-block-image size-large\"><img loading=\"lazy\" decoding=\"async\" width=\"1024\" height=\"683\" src=\"https:\/\/lares.cl\/blog\/wp-content\/uploads\/2024\/12\/image-1024x683.png\" alt=\"\" class=\"wp-image-568\" srcset=\"https:\/\/lares.cl\/blog\/wp-content\/uploads\/2024\/12\/image-1024x683.png 1024w, https:\/\/lares.cl\/blog\/wp-content\/uploads\/2024\/12\/image-300x200.png 300w, https:\/\/lares.cl\/blog\/wp-content\/uploads\/2024\/12\/image-768x512.png 768w, https:\/\/lares.cl\/blog\/wp-content\/uploads\/2024\/12\/image-1536x1024.png 1536w, https:\/\/lares.cl\/blog\/wp-content\/uploads\/2024\/12\/image.png 1560w\" sizes=\"auto, (max-width: 1024px) 100vw, 1024px\" \/><figcaption class=\"wp-element-caption\"><em>Mapeo de alojamientos en airbnb antes de la nueva ley<\/em> &#8211; slate.com<\/figcaption><\/figure>\n\n\n\n<h3 class=\"wp-block-heading\">La nueva ley en pocas palabras<\/h3>\n\n\n\n<p class=\"wp-block-paragraph\">B\u00e1sicamente, esta legislaci\u00f3n exige que los anfitriones que deseen rentar sus propiedades por menos de 30 d\u00edas deben registrarse ante el gobierno municipal de la ciudad (spoiler: no es tan sencillo como parece). Adem\u00e1s, establece lo siguiente:<\/p>\n\n\n\n<ul class=\"wp-block-list\">\n<li>El anfitri\u00f3n debe vivir en la propiedad durante la estancia de los hu\u00e9spedes.<\/li>\n\n\n\n<li>Solo se permiten <strong>dos hu\u00e9spedes como m\u00e1ximo<\/strong> a la vez.<\/li>\n<\/ul>\n\n\n\n<h3 class=\"wp-block-heading\">\u00bfQu\u00e9 implica esto?<\/h3>\n\n\n\n<ol class=\"wp-block-list\">\n<li><strong>Mayor limitaci\u00f3n para los turistas:<\/strong><br>Los viajeros que buscaban disfrutar de una experiencia m\u00e1s privada al alquilar una casa o departamento completo ahora tendr\u00e1n menos opciones. Esto puede resultar inc\u00f3modo para quienes viajan en grupo o valoran la privacidad.<\/li>\n\n\n\n<li><strong>Reducci\u00f3n de ingresos para anfitriones:<\/strong><br>Los propietarios que anteriormente generaban ingresos significativos alquilando sus propiedades completas a corto plazo se ven obligados a ofrecer habitaciones individuales, limitando el valor econ\u00f3mico de sus propiedades en el mercado tur\u00edstico.<\/li>\n\n\n\n<li><strong>Cambios en la experiencia de hospedaje:<\/strong><br>Los hu\u00e9spedes que ahora deben compartir la vivienda con el anfitri\u00f3n pierden parte de la autonom\u00eda y comodidad que caracteriza a plataformas como Airbnb. Esto podr\u00eda hacer que la experiencia sea menos atractiva para muchos.<\/li>\n\n\n\n<li><strong>Aumento de la oferta hotelera:<\/strong><br>Al restringir los alquileres a corto plazo de propiedades completas, la ley indirectamente impulsa la demanda por opciones hoteleras, que suelen ser m\u00e1s costosas y menos flexibles.<\/li>\n<\/ol>\n\n\n\n<p class=\"wp-block-paragraph\">Esta medida busca priorizar la disponibilidad de viviendas para los residentes locales, pero plantea desaf\u00edos tanto para turistas como para anfitriones. Como resultado, Airbnb ha tenido que reducir dr\u00e1sticamente sus ofertas, pasando de m\u00e1s de 22,000 opciones a apenas 2,200. \u00a1Un recorte del 80%!<\/p>\n\n\n\n<figure class=\"wp-block-image size-large\"><img loading=\"lazy\" decoding=\"async\" width=\"1024\" height=\"660\" src=\"https:\/\/lares.cl\/blog\/wp-content\/uploads\/2024\/12\/image-1-1024x660.png\" alt=\"\" class=\"wp-image-569\" srcset=\"https:\/\/lares.cl\/blog\/wp-content\/uploads\/2024\/12\/image-1-1024x660.png 1024w, https:\/\/lares.cl\/blog\/wp-content\/uploads\/2024\/12\/image-1-300x193.png 300w, https:\/\/lares.cl\/blog\/wp-content\/uploads\/2024\/12\/image-1-768x495.png 768w, https:\/\/lares.cl\/blog\/wp-content\/uploads\/2024\/12\/image-1-1536x989.png 1536w, https:\/\/lares.cl\/blog\/wp-content\/uploads\/2024\/12\/image-1.png 1981w\" sizes=\"auto, (max-width: 1024px) 100vw, 1024px\" \/><\/figure>\n\n\n\n<h3 class=\"wp-block-heading\">Pero, \u00bfpor qu\u00e9 tanta restricci\u00f3n?<\/h3>\n\n\n\n<p class=\"wp-block-paragraph\">Nueva York no tom\u00f3 esta medida por capricho (aunque muchos no est\u00e1n contentos). Las razones principales son:<\/p>\n\n\n\n<ol class=\"wp-block-list\">\n<li><strong>Crisis de vivienda asequible:<\/strong><br>Los departamentos que antes se alquilaban a largo plazo est\u00e1n siendo usados como alquileres temporales, dejando a los neoyorquinos luchando por encontrar un lugar para vivir.<\/li>\n\n\n\n<li><strong>Aumento de los precios del alquiler:<\/strong><br>Mientras los anfitriones ganan m\u00e1s con turistas, los precios para los residentes se disparan. No todos pueden costear esos departamentos de lujo.<\/li>\n\n\n\n<li><strong>Vecinos molestos:<\/strong><br>Imagina vivir en un edificio donde cada semana hay nuevos turistas haciendo fiestas. \u00a1Un caos total! Esta ley busca preservar la tranquilidad de los vecindarios.<\/li>\n\n\n\n<li><strong>Normas de seguridad y equidad:<\/strong><br>Los hoteles deben cumplir con una larga lista de regulaciones y pagar impuestos, algo que muchos anfitriones de Airbnb no hac\u00edan. La ciudad quiere nivelar el campo de juego.<\/li>\n<\/ol>\n\n\n\n<h3 class=\"wp-block-heading\">El drama de Airbnb<\/h3>\n\n\n\n<p class=\"wp-block-paragraph\">Airbnb no est\u00e1 nada feliz con estas nuevas reglas. Argumentan que:<\/p>\n\n\n\n<ul class=\"wp-block-list\">\n<li>Estas restricciones no han resuelto la crisis de vivienda.<\/li>\n\n\n\n<li>Los hoteles est\u00e1n aprovechando el momento para subir sus precios (alojarse en Nueva York es ahora un 7.4% m\u00e1s caro, comparado con un aumento del 2.1% a nivel nacional).<\/li>\n\n\n\n<li>Los viajeros tienen menos opciones y costos m\u00e1s altos.<\/li>\n<\/ul>\n\n\n\n<p class=\"wp-block-paragraph\">La plataforma incluso ha solicitado que se reconsidere la Ley Local 18, buscando un equilibrio entre los intereses de los residentes y los viajeros.<\/p>\n\n\n\n<h3 class=\"wp-block-heading\">\u00bfQu\u00e9 significa esto para ti?<\/h3>\n\n\n\n<p class=\"wp-block-paragraph\">Si planeas visitar Nueva York y pensabas alojarte en un Airbnb, ahora ser\u00e1 m\u00e1s dif\u00edcil encontrar opciones (y probablemente m\u00e1s caras). Pero no te preocupes: siempre puedes buscar alternativas como peque\u00f1os hoteles boutique o ser ese amigo cool que se queda con conocidos.<\/p>\n\n\n\n<p class=\"wp-block-paragraph\">Nueva York sigue siendo incre\u00edble, con o sin Airbnb. Pero, \u00bft\u00fa qu\u00e9 opinas de este tema? \u00bfEres <strong>Team Airbnb<\/strong> o <strong>Team Vecinos Tranquilos<\/strong>? \u00a1D\u00e9janos tus comentarios!<\/p>\n\n\n\n<p class=\"wp-block-paragraph\"><\/p>\n","protected":false},"excerpt":{"rendered":"<p>Si has pensado en visitar Nueva York y reservar un departamento acogedor a trav\u00e9s de Airbnb, tenemos noticias frescas: las reglas del juego han cambiado. Desde septiembre de 2023, la&#8230;<\/p>\n","protected":false},"author":10,"featured_media":570,"comment_status":"closed","ping_status":"open","sticky":false,"template":"","format":"standard","meta":{"footnotes":""},"categories":[22],"tags":[29,28],"class_list":["post-567","post","type-post","status-publish","format-standard","has-post-thumbnail","hentry","category-mercado-inmobiliario","tag-airbnb","tag-rentacorta"],"yoast_head":"<!-- This site is optimized with the Yoast SEO plugin v25.6 - https:\/\/yoast.com\/wordpress\/plugins\/seo\/ -->\n<title>La Gran Manzana vs. Airbnb: \u00bfUn conflicto necesario o una jugada arriesgada?&quot; - Lares Blog<\/title>\n<meta name=\"robots\" content=\"index, follow, max-snippet:-1, max-image-preview:large, max-video-preview:-1\" \/>\n<link rel=\"canonical\" href=\"https:\/\/lares.cl\/blog\/la-gran-manzana-vs-airbnb-un-conflicto-necesario-o-una-jugada-arriesgada\/\" \/>\n<meta property=\"og:locale\" content=\"es_ES\" \/>\n<meta property=\"og:type\" content=\"article\" \/>\n<meta property=\"og:title\" content=\"La Gran Manzana vs. Airbnb: \u00bfUn conflicto necesario o una jugada arriesgada?&quot; - Lares Blog\" \/>\n<meta property=\"og:description\" content=\"Si has pensado en visitar Nueva York y reservar un departamento acogedor a trav\u00e9s de Airbnb, tenemos noticias frescas: las reglas del juego han cambiado. Desde septiembre de 2023, la...\" \/>\n<meta property=\"og:url\" content=\"https:\/\/lares.cl\/blog\/la-gran-manzana-vs-airbnb-un-conflicto-necesario-o-una-jugada-arriesgada\/\" \/>\n<meta property=\"og:site_name\" content=\"Lares Blog\" \/>\n<meta property=\"article:publisher\" content=\"https:\/\/www.facebook.com\/lares.cl\" \/>\n<meta property=\"article:published_time\" content=\"2024-12-24T16:27:40+00:00\" \/>\n<meta property=\"article:modified_time\" content=\"2026-03-27T06:03:24+00:00\" \/>\n<meta property=\"og:image\" content=\"https:\/\/lares.cl\/blog\/wp-content\/uploads\/2024\/12\/37c6991c-5c97-43d5-9b1b-880c1078c09c.webp\" \/>\n\t<meta property=\"og:image:width\" content=\"1024\" \/>\n\t<meta property=\"og:image:height\" content=\"1024\" \/>\n\t<meta property=\"og:image:type\" content=\"image\/webp\" \/>\n<meta name=\"author\" content=\"Crist\u00f3bal Asenjo\" \/>\n<meta name=\"twitter:card\" content=\"summary_large_image\" \/>\n<meta name=\"twitter:label1\" content=\"Escrito por\" \/>\n\t<meta name=\"twitter:data1\" content=\"Crist\u00f3bal Asenjo\" \/>\n\t<meta name=\"twitter:label2\" content=\"Tiempo estimado de lectura\" \/>\n\t<meta name=\"twitter:data2\" content=\"4 minutes\" \/>\n<script type=\"application\/ld+json\" class=\"yoast-schema-graph\">{\"@context\":\"https:\/\/schema.org\",\"@graph\":[{\"@type\":\"Article\",\"@id\":\"https:\/\/lares.cl\/blog\/la-gran-manzana-vs-airbnb-un-conflicto-necesario-o-una-jugada-arriesgada\/#article\",\"isPartOf\":{\"@id\":\"https:\/\/lares.cl\/blog\/la-gran-manzana-vs-airbnb-un-conflicto-necesario-o-una-jugada-arriesgada\/\"},\"author\":{\"name\":\"Crist\u00f3bal Asenjo\",\"@id\":\"https:\/\/lares.cl\/blog\/#\/schema\/person\/f3e832c08eb9f02b1034e3d05323d61a\"},\"headline\":\"La Gran Manzana vs. Airbnb: \u00bfUn conflicto necesario o una jugada arriesgada?&#8221;\",\"datePublished\":\"2024-12-24T16:27:40+00:00\",\"dateModified\":\"2026-03-27T06:03:24+00:00\",\"mainEntityOfPage\":{\"@id\":\"https:\/\/lares.cl\/blog\/la-gran-manzana-vs-airbnb-un-conflicto-necesario-o-una-jugada-arriesgada\/\"},\"wordCount\":690,\"publisher\":{\"@id\":\"https:\/\/lares.cl\/blog\/#organization\"},\"image\":{\"@id\":\"https:\/\/lares.cl\/blog\/la-gran-manzana-vs-airbnb-un-conflicto-necesario-o-una-jugada-arriesgada\/#primaryimage\"},\"thumbnailUrl\":\"https:\/\/lares.cl\/blog\/wp-content\/uploads\/2024\/12\/37c6991c-5c97-43d5-9b1b-880c1078c09c.webp\",\"keywords\":[\"Airbnb\",\"Rentacorta\"],\"articleSection\":[\"Mercado Inmobiliario\"],\"inLanguage\":\"es-CL\"},{\"@type\":\"WebPage\",\"@id\":\"https:\/\/lares.cl\/blog\/la-gran-manzana-vs-airbnb-un-conflicto-necesario-o-una-jugada-arriesgada\/\",\"url\":\"https:\/\/lares.cl\/blog\/la-gran-manzana-vs-airbnb-un-conflicto-necesario-o-una-jugada-arriesgada\/\",\"name\":\"La Gran Manzana vs. Airbnb: \u00bfUn conflicto necesario o una jugada arriesgada?\\\" - Lares Blog\",\"isPartOf\":{\"@id\":\"https:\/\/lares.cl\/blog\/#website\"},\"primaryImageOfPage\":{\"@id\":\"https:\/\/lares.cl\/blog\/la-gran-manzana-vs-airbnb-un-conflicto-necesario-o-una-jugada-arriesgada\/#primaryimage\"},\"image\":{\"@id\":\"https:\/\/lares.cl\/blog\/la-gran-manzana-vs-airbnb-un-conflicto-necesario-o-una-jugada-arriesgada\/#primaryimage\"},\"thumbnailUrl\":\"https:\/\/lares.cl\/blog\/wp-content\/uploads\/2024\/12\/37c6991c-5c97-43d5-9b1b-880c1078c09c.webp\",\"datePublished\":\"2024-12-24T16:27:40+00:00\",\"dateModified\":\"2026-03-27T06:03:24+00:00\",\"breadcrumb\":{\"@id\":\"https:\/\/lares.cl\/blog\/la-gran-manzana-vs-airbnb-un-conflicto-necesario-o-una-jugada-arriesgada\/#breadcrumb\"},\"inLanguage\":\"es-CL\",\"potentialAction\":[{\"@type\":\"ReadAction\",\"target\":[\"https:\/\/lares.cl\/blog\/la-gran-manzana-vs-airbnb-un-conflicto-necesario-o-una-jugada-arriesgada\/\"]}]},{\"@type\":\"ImageObject\",\"inLanguage\":\"es-CL\",\"@id\":\"https:\/\/lares.cl\/blog\/la-gran-manzana-vs-airbnb-un-conflicto-necesario-o-una-jugada-arriesgada\/#primaryimage\",\"url\":\"https:\/\/lares.cl\/blog\/wp-content\/uploads\/2024\/12\/37c6991c-5c97-43d5-9b1b-880c1078c09c.webp\",\"contentUrl\":\"https:\/\/lares.cl\/blog\/wp-content\/uploads\/2024\/12\/37c6991c-5c97-43d5-9b1b-880c1078c09c.webp\",\"width\":1024,\"height\":1024},{\"@type\":\"BreadcrumbList\",\"@id\":\"https:\/\/lares.cl\/blog\/la-gran-manzana-vs-airbnb-un-conflicto-necesario-o-una-jugada-arriesgada\/#breadcrumb\",\"itemListElement\":[{\"@type\":\"ListItem\",\"position\":1,\"name\":\"Portada\",\"item\":\"https:\/\/lares.cl\/blog\/\"},{\"@type\":\"ListItem\",\"position\":2,\"name\":\"La Gran Manzana vs. Airbnb: \u00bfUn conflicto necesario o una jugada arriesgada?&#8221;\"}]},{\"@type\":\"WebSite\",\"@id\":\"https:\/\/lares.cl\/blog\/#website\",\"url\":\"https:\/\/lares.cl\/blog\/\",\"name\":\"lares.cl\",\"description\":\"Crowdfunding Inmobiliario\",\"publisher\":{\"@id\":\"https:\/\/lares.cl\/blog\/#organization\"},\"potentialAction\":[{\"@type\":\"SearchAction\",\"target\":{\"@type\":\"EntryPoint\",\"urlTemplate\":\"https:\/\/lares.cl\/blog\/?s={search_term_string}\"},\"query-input\":{\"@type\":\"PropertyValueSpecification\",\"valueRequired\":true,\"valueName\":\"search_term_string\"}}],\"inLanguage\":\"es-CL\"},{\"@type\":\"Organization\",\"@id\":\"https:\/\/lares.cl\/blog\/#organization\",\"name\":\"Lares\",\"url\":\"https:\/\/lares.cl\/blog\/\",\"logo\":{\"@type\":\"ImageObject\",\"inLanguage\":\"es-CL\",\"@id\":\"https:\/\/lares.cl\/blog\/#\/schema\/logo\/image\/\",\"url\":\"https:\/\/lares.cl\/blog\/wp-content\/uploads\/2024\/06\/Logo-Lares-blog-2024-1-1.png\",\"contentUrl\":\"https:\/\/lares.cl\/blog\/wp-content\/uploads\/2024\/06\/Logo-Lares-blog-2024-1-1.png\",\"width\":1122,\"height\":287,\"caption\":\"Lares\"},\"image\":{\"@id\":\"https:\/\/lares.cl\/blog\/#\/schema\/logo\/image\/\"},\"sameAs\":[\"https:\/\/www.facebook.com\/lares.cl\",\"https:\/\/www.instagram.com\/lareschile\",\"https:\/\/www.linkedin.com\/company\/lareschile\/\"]},{\"@type\":\"Person\",\"@id\":\"https:\/\/lares.cl\/blog\/#\/schema\/person\/f3e832c08eb9f02b1034e3d05323d61a\",\"name\":\"Crist\u00f3bal Asenjo\",\"image\":{\"@type\":\"ImageObject\",\"inLanguage\":\"es-CL\",\"@id\":\"https:\/\/lares.cl\/blog\/#\/schema\/person\/image\/\",\"url\":\"https:\/\/secure.gravatar.com\/avatar\/d03f451597ff44aead7095804c5ee6d8b414bd378ae75e3d00cc60ea686d2000?s=96&d=mm&r=g\",\"contentUrl\":\"https:\/\/secure.gravatar.com\/avatar\/d03f451597ff44aead7095804c5ee6d8b414bd378ae75e3d00cc60ea686d2000?s=96&d=mm&r=g\",\"caption\":\"Crist\u00f3bal Asenjo\"},\"sameAs\":[\"http:\/\/lares.cl\"]}]}<\/script>\n<!-- \/ Yoast SEO plugin. -->","yoast_head_json":{"title":"La Gran Manzana vs. Airbnb: \u00bfUn conflicto necesario o una jugada arriesgada?\" - Lares Blog","robots":{"index":"index","follow":"follow","max-snippet":"max-snippet:-1","max-image-preview":"max-image-preview:large","max-video-preview":"max-video-preview:-1"},"canonical":"https:\/\/lares.cl\/blog\/la-gran-manzana-vs-airbnb-un-conflicto-necesario-o-una-jugada-arriesgada\/","og_locale":"es_ES","og_type":"article","og_title":"La Gran Manzana vs. Airbnb: \u00bfUn conflicto necesario o una jugada arriesgada?\" - Lares Blog","og_description":"Si has pensado en visitar Nueva York y reservar un departamento acogedor a trav\u00e9s de Airbnb, tenemos noticias frescas: las reglas del juego han cambiado. Desde septiembre de 2023, la...","og_url":"https:\/\/lares.cl\/blog\/la-gran-manzana-vs-airbnb-un-conflicto-necesario-o-una-jugada-arriesgada\/","og_site_name":"Lares Blog","article_publisher":"https:\/\/www.facebook.com\/lares.cl","article_published_time":"2024-12-24T16:27:40+00:00","article_modified_time":"2026-03-27T06:03:24+00:00","og_image":[{"width":1024,"height":1024,"url":"https:\/\/lares.cl\/blog\/wp-content\/uploads\/2024\/12\/37c6991c-5c97-43d5-9b1b-880c1078c09c.webp","type":"image\/webp"}],"author":"Crist\u00f3bal Asenjo","twitter_card":"summary_large_image","twitter_misc":{"Escrito por":"Crist\u00f3bal Asenjo","Tiempo estimado de lectura":"4 minutes"},"schema":{"@context":"https:\/\/schema.org","@graph":[{"@type":"Article","@id":"https:\/\/lares.cl\/blog\/la-gran-manzana-vs-airbnb-un-conflicto-necesario-o-una-jugada-arriesgada\/#article","isPartOf":{"@id":"https:\/\/lares.cl\/blog\/la-gran-manzana-vs-airbnb-un-conflicto-necesario-o-una-jugada-arriesgada\/"},"author":{"name":"Crist\u00f3bal Asenjo","@id":"https:\/\/lares.cl\/blog\/#\/schema\/person\/f3e832c08eb9f02b1034e3d05323d61a"},"headline":"La Gran Manzana vs. Airbnb: \u00bfUn conflicto necesario o una jugada arriesgada?&#8221;","datePublished":"2024-12-24T16:27:40+00:00","dateModified":"2026-03-27T06:03:24+00:00","mainEntityOfPage":{"@id":"https:\/\/lares.cl\/blog\/la-gran-manzana-vs-airbnb-un-conflicto-necesario-o-una-jugada-arriesgada\/"},"wordCount":690,"publisher":{"@id":"https:\/\/lares.cl\/blog\/#organization"},"image":{"@id":"https:\/\/lares.cl\/blog\/la-gran-manzana-vs-airbnb-un-conflicto-necesario-o-una-jugada-arriesgada\/#primaryimage"},"thumbnailUrl":"https:\/\/lares.cl\/blog\/wp-content\/uploads\/2024\/12\/37c6991c-5c97-43d5-9b1b-880c1078c09c.webp","keywords":["Airbnb","Rentacorta"],"articleSection":["Mercado Inmobiliario"],"inLanguage":"es-CL"},{"@type":"WebPage","@id":"https:\/\/lares.cl\/blog\/la-gran-manzana-vs-airbnb-un-conflicto-necesario-o-una-jugada-arriesgada\/","url":"https:\/\/lares.cl\/blog\/la-gran-manzana-vs-airbnb-un-conflicto-necesario-o-una-jugada-arriesgada\/","name":"La Gran Manzana vs. Airbnb: \u00bfUn conflicto necesario o una jugada arriesgada?\" - Lares Blog","isPartOf":{"@id":"https:\/\/lares.cl\/blog\/#website"},"primaryImageOfPage":{"@id":"https:\/\/lares.cl\/blog\/la-gran-manzana-vs-airbnb-un-conflicto-necesario-o-una-jugada-arriesgada\/#primaryimage"},"image":{"@id":"https:\/\/lares.cl\/blog\/la-gran-manzana-vs-airbnb-un-conflicto-necesario-o-una-jugada-arriesgada\/#primaryimage"},"thumbnailUrl":"https:\/\/lares.cl\/blog\/wp-content\/uploads\/2024\/12\/37c6991c-5c97-43d5-9b1b-880c1078c09c.webp","datePublished":"2024-12-24T16:27:40+00:00","dateModified":"2026-03-27T06:03:24+00:00","breadcrumb":{"@id":"https:\/\/lares.cl\/blog\/la-gran-manzana-vs-airbnb-un-conflicto-necesario-o-una-jugada-arriesgada\/#breadcrumb"},"inLanguage":"es-CL","potentialAction":[{"@type":"ReadAction","target":["https:\/\/lares.cl\/blog\/la-gran-manzana-vs-airbnb-un-conflicto-necesario-o-una-jugada-arriesgada\/"]}]},{"@type":"ImageObject","inLanguage":"es-CL","@id":"https:\/\/lares.cl\/blog\/la-gran-manzana-vs-airbnb-un-conflicto-necesario-o-una-jugada-arriesgada\/#primaryimage","url":"https:\/\/lares.cl\/blog\/wp-content\/uploads\/2024\/12\/37c6991c-5c97-43d5-9b1b-880c1078c09c.webp","contentUrl":"https:\/\/lares.cl\/blog\/wp-content\/uploads\/2024\/12\/37c6991c-5c97-43d5-9b1b-880c1078c09c.webp","width":1024,"height":1024},{"@type":"BreadcrumbList","@id":"https:\/\/lares.cl\/blog\/la-gran-manzana-vs-airbnb-un-conflicto-necesario-o-una-jugada-arriesgada\/#breadcrumb","itemListElement":[{"@type":"ListItem","position":1,"name":"Portada","item":"https:\/\/lares.cl\/blog\/"},{"@type":"ListItem","position":2,"name":"La Gran Manzana vs. Airbnb: \u00bfUn conflicto necesario o una jugada arriesgada?&#8221;"}]},{"@type":"WebSite","@id":"https:\/\/lares.cl\/blog\/#website","url":"https:\/\/lares.cl\/blog\/","name":"lares.cl","description":"Crowdfunding Inmobiliario","publisher":{"@id":"https:\/\/lares.cl\/blog\/#organization"},"potentialAction":[{"@type":"SearchAction","target":{"@type":"EntryPoint","urlTemplate":"https:\/\/lares.cl\/blog\/?s={search_term_string}"},"query-input":{"@type":"PropertyValueSpecification","valueRequired":true,"valueName":"search_term_string"}}],"inLanguage":"es-CL"},{"@type":"Organization","@id":"https:\/\/lares.cl\/blog\/#organization","name":"Lares","url":"https:\/\/lares.cl\/blog\/","logo":{"@type":"ImageObject","inLanguage":"es-CL","@id":"https:\/\/lares.cl\/blog\/#\/schema\/logo\/image\/","url":"https:\/\/lares.cl\/blog\/wp-content\/uploads\/2024\/06\/Logo-Lares-blog-2024-1-1.png","contentUrl":"https:\/\/lares.cl\/blog\/wp-content\/uploads\/2024\/06\/Logo-Lares-blog-2024-1-1.png","width":1122,"height":287,"caption":"Lares"},"image":{"@id":"https:\/\/lares.cl\/blog\/#\/schema\/logo\/image\/"},"sameAs":["https:\/\/www.facebook.com\/lares.cl","https:\/\/www.instagram.com\/lareschile","https:\/\/www.linkedin.com\/company\/lareschile\/"]},{"@type":"Person","@id":"https:\/\/lares.cl\/blog\/#\/schema\/person\/f3e832c08eb9f02b1034e3d05323d61a","name":"Crist\u00f3bal Asenjo","image":{"@type":"ImageObject","inLanguage":"es-CL","@id":"https:\/\/lares.cl\/blog\/#\/schema\/person\/image\/","url":"https:\/\/secure.gravatar.com\/avatar\/d03f451597ff44aead7095804c5ee6d8b414bd378ae75e3d00cc60ea686d2000?s=96&d=mm&r=g","contentUrl":"https:\/\/secure.gravatar.com\/avatar\/d03f451597ff44aead7095804c5ee6d8b414bd378ae75e3d00cc60ea686d2000?s=96&d=mm&r=g","caption":"Crist\u00f3bal Asenjo"},"sameAs":["http:\/\/lares.cl"]}]}},"_links":{"self":[{"href":"https:\/\/lares.cl\/blog\/wp-json\/wp\/v2\/posts\/567","targetHints":{"allow":["GET"]}}],"collection":[{"href":"https:\/\/lares.cl\/blog\/wp-json\/wp\/v2\/posts"}],"about":[{"href":"https:\/\/lares.cl\/blog\/wp-json\/wp\/v2\/types\/post"}],"author":[{"embeddable":true,"href":"https:\/\/lares.cl\/blog\/wp-json\/wp\/v2\/users\/10"}],"replies":[{"embeddable":true,"href":"https:\/\/lares.cl\/blog\/wp-json\/wp\/v2\/comments?post=567"}],"version-history":[{"count":0,"href":"https:\/\/lares.cl\/blog\/wp-json\/wp\/v2\/posts\/567\/revisions"}],"wp:featuredmedia":[{"embeddable":true,"href":"https:\/\/lares.cl\/blog\/wp-json\/wp\/v2\/media\/570"}],"wp:attachment":[{"href":"https:\/\/lares.cl\/blog\/wp-json\/wp\/v2\/media?parent=567"}],"wp:term":[{"taxonomy":"category","embeddable":true,"href":"https:\/\/lares.cl\/blog\/wp-json\/wp\/v2\/categories?post=567"},{"taxonomy":"post_tag","embeddable":true,"href":"https:\/\/lares.cl\/blog\/wp-json\/wp\/v2\/tags?post=567"}],"curies":[{"name":"wp","href":"https:\/\/api.w.org\/{rel}","templated":true}]}}